{"id":36775,"date":"2026-02-25T12:03:54","date_gmt":"2026-02-25T16:03:54","guid":{"rendered":"https:\/\/www.pedroandretta.info\/index\/?p=36775"},"modified":"2026-02-25T12:04:03","modified_gmt":"2026-02-25T16:04:03","slug":"o-aflorar-no-recife-narrativas-femininas-na-revista-o-lyrio-1902-1904","status":"publish","type":"post","link":"https:\/\/www.pedroandretta.info\/index\/2026\/02\/o-aflorar-no-recife-narrativas-femininas-na-revista-o-lyrio-1902-1904\/","title":{"rendered":"O aflorar no Recife : narrativas femininas na revista O Lyrio (1902-1904)"},"content":{"rendered":"\n<p><strong>O aflorar no Recife : narrativas femininas na revista O Lyrio (1902-1904)<\/strong><\/p>\n\n\n\n<p>No in\u00edcio do s\u00e9culo XX, a imprensa peri\u00f3dica feminina constituiu um importante espa\u00e7o de express\u00e3o, dissemina\u00e7\u00e3o de informa\u00e7\u00e3o e resist\u00eancia. Ante o exposto, este estudo objetiva de forma geral: evidenciar as narrativas femininas presentes na revista O Lyrio como express\u00e3o das pr\u00e1ticas socioculturais do Recife entre os anos de 1902 e 1904. (&#8230;) Para o tratamento dos resultados foram estabelecidas seis categorias tem\u00e1ticas, sendo elas: afetos e subjetividades; cr\u00edticas ou resist\u00eancias; educa\u00e7\u00e3o; religi\u00e3o e moral; representa\u00e7\u00e3o feminina e vida social. Por fim, esta disserta\u00e7\u00e3o destaca as narrativas presentes no peri\u00f3dico O Lyrio como forma de express\u00e3o feminina, expondo como as mulheres refletiam, dialogavam e questionavam sobre as pr\u00e1ticas socioculturais propagadas no Recife no in\u00edcio do s\u00e9culo XX, revelando tra\u00e7os de um sistema patriarcal e o \u00edmpeto disruptivo dessas damas.<\/p>\n\n\n\n<p>#G\u00eanero #Mem\u00f3ria <\/p>\n\n\n\n<p>Dispon\u00edvel em: <a href=\"https:\/\/repositorio.ufpe.br\/handle\/123456789\/68465\">https:\/\/repositorio.ufpe.br\/handle\/123456789\/68465<\/a><\/p>\n\n\n\n<figure class=\"wp-block-image size-large\"><img data-recalc-dims=\"1\" decoding=\"async\" width=\"392\" height=\"600\" src=\"https:\/\/i0.wp.com\/www.pedroandretta.info\/index\/wp-content\/uploads\/2026\/02\/image-99.png?resize=392%2C600&#038;ssl=1\" alt=\"\" class=\"wp-image-36776\" srcset=\"https:\/\/i0.wp.com\/www.pedroandretta.info\/index\/wp-content\/uploads\/2026\/02\/image-99.png?resize=392%2C600&amp;ssl=1 392w, https:\/\/i0.wp.com\/www.pedroandretta.info\/index\/wp-content\/uploads\/2026\/02\/image-99.png?resize=196%2C300&amp;ssl=1 196w, https:\/\/i0.wp.com\/www.pedroandretta.info\/index\/wp-content\/uploads\/2026\/02\/image-99.png?w=502&amp;ssl=1 502w\" sizes=\"(max-width: 392px) 100vw, 392px\" \/><\/figure>\n","protected":false},"excerpt":{"rendered":"<p>O aflorar no Recife : narrativas femininas na revista O Lyrio (1902-1904) No in\u00edcio do s\u00e9culo XX, a imprensa peri\u00f3dica feminina constituiu um importante espa\u00e7o de express\u00e3o, dissemina\u00e7\u00e3o de informa\u00e7\u00e3o e resist\u00eancia. Ante o exposto, este estudo objetiva de forma geral: evidenciar as narrativas femininas presentes na revista O Lyrio como express\u00e3o das pr\u00e1ticas socioculturais<\/p><\/div>\n<div class=\"blog-btn\"><a href=\"https:\/\/www.pedroandretta.info\/index\/2026\/02\/o-aflorar-no-recife-narrativas-femininas-na-revista-o-lyrio-1902-1904\/\" class=\"home-blog-btn\">Ler mais<\/a><\/p>\n","protected":false},"author":1,"featured_media":0,"comment_status":"open","ping_status":"open","sticky":false,"template":"","format":"standard","meta":{"_jetpack_newsletter_access":"","_jetpack_dont_email_post_to_subs":false,"_jetpack_newsletter_tier_id":0,"_jetpack_memberships_contains_paywalled_content":false,"_jetpack_feature_clip_id":0,"_jetpack_memberships_contains_paid_content":false,"footnotes":"","jetpack_publicize_message":"","jetpack_publicize_feature_enabled":true,"jetpack_social_post_already_shared":true,"jetpack_social_options":{"image_generator_settings":{"template":"highway","default_image_id":0,"font":"","enabled":false},"version":2},"jetpack_post_was_ever_published":false},"categories":[21],"tags":[178,430],"class_list":["post-36775","post","type-post","status-publish","format-standard","hentry","category-informeci","tag-genero","tag-memoria"],"jetpack_publicize_connections":[],"jetpack_featured_media_url":"","views":"","jetpack_sharing_enabled":true,"_links":{"self":[{"href":"https:\/\/www.pedroandretta.info\/index\/wp-json\/wp\/v2\/posts\/36775","targetHints":{"allow":["GET"]}}],"collection":[{"href":"https:\/\/www.pedroandretta.info\/index\/wp-json\/wp\/v2\/posts"}],"about":[{"href":"https:\/\/www.pedroandretta.info\/index\/wp-json\/wp\/v2\/types\/post"}],"author":[{"embeddable":true,"href":"https:\/\/www.pedroandretta.info\/index\/wp-json\/wp\/v2\/users\/1"}],"replies":[{"embeddable":true,"href":"https:\/\/www.pedroandretta.info\/index\/wp-json\/wp\/v2\/comments?post=36775"}],"version-history":[{"count":1,"href":"https:\/\/www.pedroandretta.info\/index\/wp-json\/wp\/v2\/posts\/36775\/revisions"}],"predecessor-version":[{"id":36777,"href":"https:\/\/www.pedroandretta.info\/index\/wp-json\/wp\/v2\/posts\/36775\/revisions\/36777"}],"wp:attachment":[{"href":"https:\/\/www.pedroandretta.info\/index\/wp-json\/wp\/v2\/media?parent=36775"}],"wp:term":[{"taxonomy":"category","embeddable":true,"href":"https:\/\/www.pedroandretta.info\/index\/wp-json\/wp\/v2\/categories?post=36775"},{"taxonomy":"post_tag","embeddable":true,"href":"https:\/\/www.pedroandretta.info\/index\/wp-json\/wp\/v2\/tags?post=36775"}],"curies":[{"name":"wp","href":"https:\/\/api.w.org\/{rel}","templated":true}]}}