{"id":36800,"date":"2026-02-27T04:06:31","date_gmt":"2026-02-27T08:06:31","guid":{"rendered":"https:\/\/www.pedroandretta.info\/index\/?p=36800"},"modified":"2026-02-27T04:06:36","modified_gmt":"2026-02-27T08:06:36","slug":"jornalista-filipa-almeida-mendes-publica-livro-sobre-as-mulheres-cientistas-que-a-historia-tentou-esquecer-cca","status":"publish","type":"post","link":"https:\/\/www.pedroandretta.info\/index\/2026\/02\/jornalista-filipa-almeida-mendes-publica-livro-sobre-as-mulheres-cientistas-que-a-historia-tentou-esquecer-cca\/","title":{"rendered":"Jornalista Filipa Almeida Mendes publica livro sobre \u201cAs Mulheres Cientistas que a Hist\u00f3ria Tentou Esquecer\u201d \/ CCA"},"content":{"rendered":"\n<p><strong>Jornalista Filipa Almeida Mendes publica livro sobre \u201cAs Mulheres Cientistas que a Hist\u00f3ria Tentou Esquecer\u201d \/ CCA<\/strong><\/p>\n\n\n\n<p>Com pref\u00e1cio de Elvira Fortunato, cientista e ex-ministra da Ci\u00eancia, Tecnologia e Ensino Superior de Portugal, este livro \u201cn\u00e3o \u00e9 apenas um exerc\u00edcio de mem\u00f3ria ou um gesto de repara\u00e7\u00e3o hist\u00f3rica, \u00e9 tamb\u00e9m um alerta\u201c, sublinha a autora, porque \u201cao apagar sistematicamente as mulheres da narrativa cient\u00edfica, n\u00e3o s\u00f3 distorcemos o passado como empobrecemos o presente e limitamos o futuro\u201c, refere ainda.<\/p>\n\n\n\n<p>#MulheresNaCi\u00eancia<\/p>\n\n\n\n<p>via CCA<\/p>\n\n\n\n<p>Dispon\u00edvel em: <a href=\"https:\/\/comunidadeculturaearte.com\/jornalista-filipa-almeida-mendes-publica-livro-sobre-as-mulheres-cientistas-que-a-historia-tentou-esquecer\/\">https:\/\/comunidadeculturaearte.com\/jornalista-filipa-almeida-mendes-publica-livro-sobre-as-mulheres-cientistas-que-a-historia-tentou-esquecer\/<\/a><\/p>\n\n\n\n<figure class=\"wp-block-image size-full\"><img data-recalc-dims=\"1\" decoding=\"async\" width=\"401\" height=\"600\" src=\"https:\/\/i0.wp.com\/www.pedroandretta.info\/index\/wp-content\/uploads\/2026\/02\/image-106.png?resize=401%2C600&#038;ssl=1\" alt=\"\" class=\"wp-image-36801\" srcset=\"https:\/\/i0.wp.com\/www.pedroandretta.info\/index\/wp-content\/uploads\/2026\/02\/image-106.png?w=401&amp;ssl=1 401w, https:\/\/i0.wp.com\/www.pedroandretta.info\/index\/wp-content\/uploads\/2026\/02\/image-106.png?resize=201%2C300&amp;ssl=1 201w\" sizes=\"(max-width: 401px) 100vw, 401px\" \/><\/figure>\n","protected":false},"excerpt":{"rendered":"<p>Jornalista Filipa Almeida Mendes publica livro sobre \u201cAs Mulheres Cientistas que a Hist\u00f3ria Tentou Esquecer\u201d \/ CCA Com pref\u00e1cio de Elvira Fortunato, cientista e ex-ministra da Ci\u00eancia, Tecnologia e Ensino Superior de Portugal, este livro \u201cn\u00e3o \u00e9 apenas um exerc\u00edcio de mem\u00f3ria ou um gesto de repara\u00e7\u00e3o hist\u00f3rica, \u00e9 tamb\u00e9m um alerta\u201c, sublinha a autora,<\/p><\/div>\n<div class=\"blog-btn\"><a href=\"https:\/\/www.pedroandretta.info\/index\/2026\/02\/jornalista-filipa-almeida-mendes-publica-livro-sobre-as-mulheres-cientistas-que-a-historia-tentou-esquecer-cca\/\" class=\"home-blog-btn\">Ler mais<\/a><\/p>\n","protected":false},"author":1,"featured_media":0,"comment_status":"open","ping_status":"open","sticky":false,"template":"","format":"standard","meta":{"_jetpack_memberships_contains_paid_content":false,"footnotes":"","jetpack_publicize_message":"","jetpack_publicize_feature_enabled":true,"jetpack_social_post_already_shared":true,"jetpack_social_options":{"image_generator_settings":{"template":"highway","default_image_id":0,"font":"","enabled":false},"version":2}},"categories":[21],"tags":[1689],"class_list":["post-36800","post","type-post","status-publish","format-standard","hentry","category-informeci","tag-mulheresnaciencia"],"jetpack_publicize_connections":[],"jetpack_featured_media_url":"","views":"","jetpack_sharing_enabled":true,"_links":{"self":[{"href":"https:\/\/www.pedroandretta.info\/index\/wp-json\/wp\/v2\/posts\/36800","targetHints":{"allow":["GET"]}}],"collection":[{"href":"https:\/\/www.pedroandretta.info\/index\/wp-json\/wp\/v2\/posts"}],"about":[{"href":"https:\/\/www.pedroandretta.info\/index\/wp-json\/wp\/v2\/types\/post"}],"author":[{"embeddable":true,"href":"https:\/\/www.pedroandretta.info\/index\/wp-json\/wp\/v2\/users\/1"}],"replies":[{"embeddable":true,"href":"https:\/\/www.pedroandretta.info\/index\/wp-json\/wp\/v2\/comments?post=36800"}],"version-history":[{"count":1,"href":"https:\/\/www.pedroandretta.info\/index\/wp-json\/wp\/v2\/posts\/36800\/revisions"}],"predecessor-version":[{"id":36802,"href":"https:\/\/www.pedroandretta.info\/index\/wp-json\/wp\/v2\/posts\/36800\/revisions\/36802"}],"wp:attachment":[{"href":"https:\/\/www.pedroandretta.info\/index\/wp-json\/wp\/v2\/media?parent=36800"}],"wp:term":[{"taxonomy":"category","embeddable":true,"href":"https:\/\/www.pedroandretta.info\/index\/wp-json\/wp\/v2\/categories?post=36800"},{"taxonomy":"post_tag","embeddable":true,"href":"https:\/\/www.pedroandretta.info\/index\/wp-json\/wp\/v2\/tags?post=36800"}],"curies":[{"name":"wp","href":"https:\/\/api.w.org\/{rel}","templated":true}]}}