{"id":36904,"date":"2026-03-05T13:01:28","date_gmt":"2026-03-05T17:01:28","guid":{"rendered":"https:\/\/www.pedroandretta.info\/index\/?p=36904"},"modified":"2026-03-05T13:01:37","modified_gmt":"2026-03-05T17:01:37","slug":"entre-o-capitalismo-de-dados-e-a-soberania-informacional-liinc","status":"publish","type":"post","link":"https:\/\/www.pedroandretta.info\/index\/2026\/03\/entre-o-capitalismo-de-dados-e-a-soberania-informacional-liinc\/","title":{"rendered":"Entre o capitalismo de dados e a soberania informacional \/ Liinc"},"content":{"rendered":"\n<p><strong>Entre o capitalismo de dados e a soberania informacional: marcos legais sens\u00edveis para o desenvolvimento justo da Amaz\u00f4nia Internacional \/ Liinc<\/strong><\/p>\n\n\n\n<p>Este artigo analisa os marcos legais que orientam a circula\u00e7\u00e3o e o controle da informa\u00e7\u00e3o na Amaz\u00f4nia Internacional, discutindo a necessidade de construir uma soberania informacional voltada aos territ\u00f3rios da floresta. A pesquisa compara Brasil e Col\u00f4mbia a partir de uma abordagem qualitativa e documental, examinando legisla\u00e7\u00f5es, relat\u00f3rios e acordos multilaterais no \u00e2mbito do projeto \u201cEstudo da Comunica\u00e7\u00e3o para o Desenvolvimento Regional e Ambiental\u201d. O estudo prop\u00f5e o conceito de Regula\u00e7\u00e3o Sens\u00edvel, articulando \u00e9tica da informa\u00e7\u00e3o, direitos comunicacionais e diversidade epist\u00eamica. Os resultados indicam que o capitalismo de dados imp\u00f5e novos dilemas \u00e0 comunica\u00e7\u00e3o amaz\u00f4nica, demandando marcos regulat\u00f3rios capazes de reconhecer a pluralidade cultural e territorial da regi\u00e3o e fortalecer experi\u00eancias de jornalismo alternativo e resist\u00eancia informacional.<\/p>\n\n\n\n<p>#CapitalismoDeDados #Acesso\u00c0Informa\u00e7\u00e3o #ConsumoDeInforma\u00e7\u00e3o #Amaz\u00f4nia<\/p>\n\n\n\n<p>Dispon\u00edvel em: <a href=\"https:\/\/revista.ibict.br\/liinc\/article\/view\/7775\">https:\/\/revista.ibict.br\/liinc\/article\/view\/7775<\/a><\/p>\n\n\n\n<figure class=\"wp-block-image size-large\"><img data-recalc-dims=\"1\" decoding=\"async\" width=\"354\" height=\"600\" src=\"https:\/\/i0.wp.com\/www.pedroandretta.info\/index\/wp-content\/uploads\/2026\/03\/image-15.png?resize=354%2C600&#038;ssl=1\" alt=\"\" class=\"wp-image-36905\" srcset=\"https:\/\/i0.wp.com\/www.pedroandretta.info\/index\/wp-content\/uploads\/2026\/03\/image-15.png?resize=354%2C600&amp;ssl=1 354w, https:\/\/i0.wp.com\/www.pedroandretta.info\/index\/wp-content\/uploads\/2026\/03\/image-15.png?resize=177%2C300&amp;ssl=1 177w, https:\/\/i0.wp.com\/www.pedroandretta.info\/index\/wp-content\/uploads\/2026\/03\/image-15.png?w=471&amp;ssl=1 471w\" sizes=\"(max-width: 354px) 100vw, 354px\" \/><\/figure>\n","protected":false},"excerpt":{"rendered":"<p>Entre o capitalismo de dados e a soberania informacional: marcos legais sens\u00edveis para o desenvolvimento justo da Amaz\u00f4nia Internacional \/ Liinc Este artigo analisa os marcos legais que orientam a circula\u00e7\u00e3o e o controle da informa\u00e7\u00e3o na Amaz\u00f4nia Internacional, discutindo a necessidade de construir uma soberania informacional voltada aos territ\u00f3rios da floresta. A pesquisa compara<\/p><\/div>\n<div class=\"blog-btn\"><a href=\"https:\/\/www.pedroandretta.info\/index\/2026\/03\/entre-o-capitalismo-de-dados-e-a-soberania-informacional-liinc\/\" class=\"home-blog-btn\">Ler mais<\/a><\/p>\n","protected":false},"author":1,"featured_media":0,"comment_status":"open","ping_status":"open","sticky":false,"template":"","format":"standard","meta":{"_jetpack_memberships_contains_paid_content":false,"footnotes":"","jetpack_publicize_message":"","jetpack_publicize_feature_enabled":true,"jetpack_social_post_already_shared":true,"jetpack_social_options":{"image_generator_settings":{"template":"highway","default_image_id":0,"font":"","enabled":false},"version":2}},"categories":[21],"tags":[477,971,4161,2012,4162],"class_list":["post-36904","post","type-post","status-publish","format-standard","hentry","category-informeci","tag-acessoainformacao","tag-amazonia","tag-capitalismodedados","tag-consumodeinformacao","tag-sobernaniainformacional"],"jetpack_publicize_connections":[],"jetpack_featured_media_url":"","views":"","jetpack_sharing_enabled":true,"_links":{"self":[{"href":"https:\/\/www.pedroandretta.info\/index\/wp-json\/wp\/v2\/posts\/36904","targetHints":{"allow":["GET"]}}],"collection":[{"href":"https:\/\/www.pedroandretta.info\/index\/wp-json\/wp\/v2\/posts"}],"about":[{"href":"https:\/\/www.pedroandretta.info\/index\/wp-json\/wp\/v2\/types\/post"}],"author":[{"embeddable":true,"href":"https:\/\/www.pedroandretta.info\/index\/wp-json\/wp\/v2\/users\/1"}],"replies":[{"embeddable":true,"href":"https:\/\/www.pedroandretta.info\/index\/wp-json\/wp\/v2\/comments?post=36904"}],"version-history":[{"count":1,"href":"https:\/\/www.pedroandretta.info\/index\/wp-json\/wp\/v2\/posts\/36904\/revisions"}],"predecessor-version":[{"id":36906,"href":"https:\/\/www.pedroandretta.info\/index\/wp-json\/wp\/v2\/posts\/36904\/revisions\/36906"}],"wp:attachment":[{"href":"https:\/\/www.pedroandretta.info\/index\/wp-json\/wp\/v2\/media?parent=36904"}],"wp:term":[{"taxonomy":"category","embeddable":true,"href":"https:\/\/www.pedroandretta.info\/index\/wp-json\/wp\/v2\/categories?post=36904"},{"taxonomy":"post_tag","embeddable":true,"href":"https:\/\/www.pedroandretta.info\/index\/wp-json\/wp\/v2\/tags?post=36904"}],"curies":[{"name":"wp","href":"https:\/\/api.w.org\/{rel}","templated":true}]}}