{"id":36914,"date":"2026-03-06T00:21:43","date_gmt":"2026-03-06T04:21:43","guid":{"rendered":"https:\/\/www.pedroandretta.info\/index\/?p=36914"},"modified":"2026-03-06T00:21:48","modified_gmt":"2026-03-06T04:21:48","slug":"o-jornalismo-no-brasil-em-2026-entre-o-extremismo-e-a-pos-vergonha-observatorio-de-imprensa","status":"publish","type":"post","link":"https:\/\/www.pedroandretta.info\/index\/2026\/03\/o-jornalismo-no-brasil-em-2026-entre-o-extremismo-e-a-pos-vergonha-observatorio-de-imprensa\/","title":{"rendered":"O jornalismo no Brasil em 2026: entre o extremismo e a p\u00f3s-vergonha \/ Observat\u00f3rio de Imprensa"},"content":{"rendered":"\n<p><strong>O jornalismo no Brasil em 2026: entre o extremismo e a p\u00f3s-vergonha \/ Observat\u00f3rio de Imprensa<\/strong><\/p>\n\n\n\n<p>De maneira geral, as proje\u00e7\u00f5es para o jornalismo e pr\u00e1tica profissional, neste come\u00e7o de ciclo, indicam \u201cum cen\u00e1rio em que o jornalismo precisar\u00e1 lidar simultaneamente com os impactos da economia da aten\u00e7\u00e3o, o avan\u00e7o da desinforma\u00e7\u00e3o impulsionada por IA generativa\u201d num ambiente pol\u00edtico marcado de forma definitiva pelos discursos de extrema-direita, que se mant\u00e9m muito ativos na contram\u00e3o das conquistas da civiliza\u00e7\u00e3o democr\u00e1tica, em escala global. Alguns analistas apostam que a \u201cresposta aos desafios de 2026 passa pela retomada de v\u00ednculos sociais, pela valoriza\u00e7\u00e3o do jornalismo local e pela colabora\u00e7\u00e3o entre diferentes atores do setor\u201d.<\/p>\n\n\n\n<p>#Jornalismo #Tend\u00eancias<\/p>\n\n\n\n<p>via Observat\u00f3rio de Imprensa<\/p>\n\n\n\n<p>Dispon\u00edvel em: <a href=\"https:\/\/www.observatoriodaimprensa.com.br\/objethos\/o-jornalismo-no-brasil-em-2026-entre-o-extremismo-e-a-pos-vergonha\/\">https:\/\/www.observatoriodaimprensa.com.br\/objethos\/o-jornalismo-no-brasil-em-2026-entre-o-extremismo-e-a-pos-vergonha\/<\/a><\/p>\n","protected":false},"excerpt":{"rendered":"<p>O jornalismo no Brasil em 2026: entre o extremismo e a p\u00f3s-vergonha \/ Observat\u00f3rio de Imprensa De maneira geral, as proje\u00e7\u00f5es para o jornalismo e pr\u00e1tica profissional, neste come\u00e7o de ciclo, indicam \u201cum cen\u00e1rio em que o jornalismo precisar\u00e1 lidar simultaneamente com os impactos da economia da aten\u00e7\u00e3o, o avan\u00e7o da desinforma\u00e7\u00e3o impulsionada por IA<\/p><\/div>\n<div class=\"blog-btn\"><a href=\"https:\/\/www.pedroandretta.info\/index\/2026\/03\/o-jornalismo-no-brasil-em-2026-entre-o-extremismo-e-a-pos-vergonha-observatorio-de-imprensa\/\" class=\"home-blog-btn\">Ler mais<\/a><\/p>\n","protected":false},"author":1,"featured_media":0,"comment_status":"open","ping_status":"open","sticky":false,"template":"","format":"standard","meta":{"_jetpack_memberships_contains_paid_content":false,"footnotes":"","jetpack_publicize_message":"","jetpack_publicize_feature_enabled":true,"jetpack_social_post_already_shared":true,"jetpack_social_options":{"image_generator_settings":{"template":"highway","default_image_id":0,"font":"","enabled":false},"version":2}},"categories":[21],"tags":[723],"class_list":["post-36914","post","type-post","status-publish","format-standard","hentry","category-informeci","tag-jornalismo"],"jetpack_publicize_connections":[],"jetpack_featured_media_url":"","views":"","jetpack_sharing_enabled":true,"_links":{"self":[{"href":"https:\/\/www.pedroandretta.info\/index\/wp-json\/wp\/v2\/posts\/36914","targetHints":{"allow":["GET"]}}],"collection":[{"href":"https:\/\/www.pedroandretta.info\/index\/wp-json\/wp\/v2\/posts"}],"about":[{"href":"https:\/\/www.pedroandretta.info\/index\/wp-json\/wp\/v2\/types\/post"}],"author":[{"embeddable":true,"href":"https:\/\/www.pedroandretta.info\/index\/wp-json\/wp\/v2\/users\/1"}],"replies":[{"embeddable":true,"href":"https:\/\/www.pedroandretta.info\/index\/wp-json\/wp\/v2\/comments?post=36914"}],"version-history":[{"count":1,"href":"https:\/\/www.pedroandretta.info\/index\/wp-json\/wp\/v2\/posts\/36914\/revisions"}],"predecessor-version":[{"id":36915,"href":"https:\/\/www.pedroandretta.info\/index\/wp-json\/wp\/v2\/posts\/36914\/revisions\/36915"}],"wp:attachment":[{"href":"https:\/\/www.pedroandretta.info\/index\/wp-json\/wp\/v2\/media?parent=36914"}],"wp:term":[{"taxonomy":"category","embeddable":true,"href":"https:\/\/www.pedroandretta.info\/index\/wp-json\/wp\/v2\/categories?post=36914"},{"taxonomy":"post_tag","embeddable":true,"href":"https:\/\/www.pedroandretta.info\/index\/wp-json\/wp\/v2\/tags?post=36914"}],"curies":[{"name":"wp","href":"https:\/\/api.w.org\/{rel}","templated":true}]}}