{"id":36925,"date":"2026-03-06T00:42:55","date_gmt":"2026-03-06T04:42:55","guid":{"rendered":"https:\/\/www.pedroandretta.info\/index\/?p=36925"},"modified":"2026-03-06T00:43:00","modified_gmt":"2026-03-06T04:43:00","slug":"bibliotecas-impulsionam-a-educacao-para-o-desenvolvimento-sustentavel-ifla-2","status":"publish","type":"post","link":"https:\/\/www.pedroandretta.info\/index\/2026\/03\/bibliotecas-impulsionam-a-educacao-para-o-desenvolvimento-sustentavel-ifla-2\/","title":{"rendered":"Bibliotecas impulsionam a educa\u00e7\u00e3o para o desenvolvimento sustent\u00e1vel \/ IFLA"},"content":{"rendered":"\n<p>Bibliotecas impulsionam a educa\u00e7\u00e3o para o desenvolvimento sustent\u00e1vel \/ IFLA<\/p>\n\n\n\n<p>O livro aborda o papel fundamental que as bibliotecas desempenham na promo\u00e7\u00e3o da Educa\u00e7\u00e3o para o Desenvolvimento Sustent\u00e1vel (EDS), um componente essencial dos programas educacionais da UNESCO para a Agenda 2030. O texto destaca que as bibliotecas n\u00e3o apenas proporcionam acesso a recursos de informa\u00e7\u00e3o, mas tamb\u00e9m funcionam como institui\u00e7\u00f5es de aprendizagem ativa, onde diversas comunidades podem explorar conhecimentos, habilidades e valores relacionados \u00e0 sustentabilidade. No contexto da EDS, esses espa\u00e7os fomentam compet\u00eancias como pensamento cr\u00edtico, colabora\u00e7\u00e3o e compreens\u00e3o de desafios globais como as mudan\u00e7as clim\u00e1ticas, a equidade social e a justi\u00e7a ambiental.<\/p>\n\n\n\n<p>#Bibliotecas #ODS #Sustentabilidade #IFLA #LivrosCI<\/p>\n\n\n\n<p>Dispon\u00edvel em: <a href=\"https:\/\/www.degruyterbrill.com\/document\/doi\/10.1515\/9783111336466\/html\">https:\/\/www.degruyterbrill.com\/document\/doi\/10.1515\/9783111336466\/html<\/a><\/p>\n\n\n\n<figure class=\"wp-block-image size-large\"><img data-recalc-dims=\"1\" decoding=\"async\" width=\"404\" height=\"600\" src=\"https:\/\/i0.wp.com\/www.pedroandretta.info\/index\/wp-content\/uploads\/2026\/03\/image-19.png?resize=404%2C600&#038;ssl=1\" alt=\"\" class=\"wp-image-36926\" srcset=\"https:\/\/i0.wp.com\/www.pedroandretta.info\/index\/wp-content\/uploads\/2026\/03\/image-19.png?resize=404%2C600&amp;ssl=1 404w, https:\/\/i0.wp.com\/www.pedroandretta.info\/index\/wp-content\/uploads\/2026\/03\/image-19.png?resize=202%2C300&amp;ssl=1 202w, https:\/\/i0.wp.com\/www.pedroandretta.info\/index\/wp-content\/uploads\/2026\/03\/image-19.png?resize=768%2C1141&amp;ssl=1 768w, https:\/\/i0.wp.com\/www.pedroandretta.info\/index\/wp-content\/uploads\/2026\/03\/image-19.png?w=800&amp;ssl=1 800w\" sizes=\"(max-width: 404px) 100vw, 404px\" \/><\/figure>\n","protected":false},"excerpt":{"rendered":"<p>Bibliotecas impulsionam a educa\u00e7\u00e3o para o desenvolvimento sustent\u00e1vel \/ IFLA O livro aborda o papel fundamental que as bibliotecas desempenham na promo\u00e7\u00e3o da Educa\u00e7\u00e3o para o Desenvolvimento Sustent\u00e1vel (EDS), um componente essencial dos programas educacionais da UNESCO para a Agenda 2030. O texto destaca que as bibliotecas n\u00e3o apenas proporcionam acesso a recursos de informa\u00e7\u00e3o,<\/p><\/div>\n<div class=\"blog-btn\"><a href=\"https:\/\/www.pedroandretta.info\/index\/2026\/03\/bibliotecas-impulsionam-a-educacao-para-o-desenvolvimento-sustentavel-ifla-2\/\" class=\"home-blog-btn\">Ler mais<\/a><\/p>\n","protected":false},"author":1,"featured_media":0,"comment_status":"open","ping_status":"open","sticky":false,"template":"","format":"standard","meta":{"_jetpack_newsletter_access":"","_jetpack_dont_email_post_to_subs":false,"_jetpack_newsletter_tier_id":0,"_jetpack_memberships_contains_paywalled_content":false,"_jetpack_feature_clip_id":0,"_jetpack_memberships_contains_paid_content":false,"footnotes":"","jetpack_publicize_message":"","jetpack_publicize_feature_enabled":true,"jetpack_social_post_already_shared":true,"jetpack_social_options":{"image_generator_settings":{"template":"highway","default_image_id":0,"font":"","enabled":false},"version":2},"jetpack_post_was_ever_published":false},"categories":[21],"tags":[38,344,1733,855,40],"class_list":["post-36925","post","type-post","status-publish","format-standard","hentry","category-informeci","tag-bibliotecas","tag-ifla","tag-livrosci","tag-ods","tag-sustentabilidade"],"jetpack_publicize_connections":[],"jetpack_featured_media_url":"","views":"","jetpack_sharing_enabled":true,"_links":{"self":[{"href":"https:\/\/www.pedroandretta.info\/index\/wp-json\/wp\/v2\/posts\/36925","targetHints":{"allow":["GET"]}}],"collection":[{"href":"https:\/\/www.pedroandretta.info\/index\/wp-json\/wp\/v2\/posts"}],"about":[{"href":"https:\/\/www.pedroandretta.info\/index\/wp-json\/wp\/v2\/types\/post"}],"author":[{"embeddable":true,"href":"https:\/\/www.pedroandretta.info\/index\/wp-json\/wp\/v2\/users\/1"}],"replies":[{"embeddable":true,"href":"https:\/\/www.pedroandretta.info\/index\/wp-json\/wp\/v2\/comments?post=36925"}],"version-history":[{"count":1,"href":"https:\/\/www.pedroandretta.info\/index\/wp-json\/wp\/v2\/posts\/36925\/revisions"}],"predecessor-version":[{"id":36927,"href":"https:\/\/www.pedroandretta.info\/index\/wp-json\/wp\/v2\/posts\/36925\/revisions\/36927"}],"wp:attachment":[{"href":"https:\/\/www.pedroandretta.info\/index\/wp-json\/wp\/v2\/media?parent=36925"}],"wp:term":[{"taxonomy":"category","embeddable":true,"href":"https:\/\/www.pedroandretta.info\/index\/wp-json\/wp\/v2\/categories?post=36925"},{"taxonomy":"post_tag","embeddable":true,"href":"https:\/\/www.pedroandretta.info\/index\/wp-json\/wp\/v2\/tags?post=36925"}],"curies":[{"name":"wp","href":"https:\/\/api.w.org\/{rel}","templated":true}]}}