{"id":36965,"date":"2026-03-09T12:40:12","date_gmt":"2026-03-09T16:40:12","guid":{"rendered":"https:\/\/www.pedroandretta.info\/index\/?p=36965"},"modified":"2026-03-09T12:40:15","modified_gmt":"2026-03-09T16:40:15","slug":"dia-internacional-das-mulheres-a-origem-operaria-do-8-de-marco-bbc","status":"publish","type":"post","link":"https:\/\/www.pedroandretta.info\/index\/2026\/03\/dia-internacional-das-mulheres-a-origem-operaria-do-8-de-marco-bbc\/","title":{"rendered":"Dia Internacional das Mulheres: a origem oper\u00e1ria do 8 de mar\u00e7o \/ BBC"},"content":{"rendered":"\n<p><strong>Dia Internacional das Mulheres: a origem oper\u00e1ria do 8 de mar\u00e7o \/ BBC<\/strong><\/p>\n\n\n\n<p>O chamado Dia Internacional das Mulheres s\u00f3 foi oficializado em 1975, ano que a ONU estabeleceu o Ano Internacional das Mulheres para lembrar suas conquistas pol\u00edticas e sociais.<\/p>\n\n\n\n<p>&#8220;Esse dia tem uma import\u00e2ncia hist\u00f3rica porque levantou um problema que n\u00e3o foi resolvido at\u00e9 hoje. A desigualdade de g\u00eanero permanece. Em muitos lugares, as condi\u00e7\u00f5es de trabalho ainda s\u00e3o piores para as mulheres (do que para os homens)&#8221;, pontuou Eva Blay.<\/p>\n\n\n\n<p>&#8220;J\u00e1 faz mais de cem anos que isso foi levantado e \u00e9 bom a gente continuar reclamando, porque os problemas persistem. Historicamente, isso \u00e9 fundamental.&#8221;<\/p>\n\n\n\n<p>#DiaInternacionalDaMulher<\/p>\n\n\n\n<p>via BBC<\/p>\n\n\n\n<p>Dispon\u00edvel em: <a href=\"https:\/\/www.bbc.com\/portuguese\/articles\/cjmx1z4k797o\">https:\/\/www.bbc.com\/portuguese\/articles\/cjmx1z4k797o<\/a><\/p>\n\n\n\n<figure class=\"wp-block-image size-large\"><img data-recalc-dims=\"1\" decoding=\"async\" width=\"600\" height=\"386\" src=\"https:\/\/i0.wp.com\/www.pedroandretta.info\/index\/wp-content\/uploads\/2026\/03\/image-28.png?resize=600%2C386&#038;ssl=1\" alt=\"\" class=\"wp-image-36966\" srcset=\"https:\/\/i0.wp.com\/www.pedroandretta.info\/index\/wp-content\/uploads\/2026\/03\/image-28.png?resize=600%2C386&amp;ssl=1 600w, https:\/\/i0.wp.com\/www.pedroandretta.info\/index\/wp-content\/uploads\/2026\/03\/image-28.png?resize=300%2C193&amp;ssl=1 300w, https:\/\/i0.wp.com\/www.pedroandretta.info\/index\/wp-content\/uploads\/2026\/03\/image-28.png?resize=768%2C495&amp;ssl=1 768w, https:\/\/i0.wp.com\/www.pedroandretta.info\/index\/wp-content\/uploads\/2026\/03\/image-28.png?w=829&amp;ssl=1 829w\" sizes=\"(max-width: 600px) 100vw, 600px\" \/><\/figure>\n","protected":false},"excerpt":{"rendered":"<p>Dia Internacional das Mulheres: a origem oper\u00e1ria do 8 de mar\u00e7o \/ BBC O chamado Dia Internacional das Mulheres s\u00f3 foi oficializado em 1975, ano que a ONU estabeleceu o Ano Internacional das Mulheres para lembrar suas conquistas pol\u00edticas e sociais. &#8220;Esse dia tem uma import\u00e2ncia hist\u00f3rica porque levantou um problema que n\u00e3o foi resolvido<\/p><\/div>\n<div class=\"blog-btn\"><a href=\"https:\/\/www.pedroandretta.info\/index\/2026\/03\/dia-internacional-das-mulheres-a-origem-operaria-do-8-de-marco-bbc\/\" class=\"home-blog-btn\">Ler mais<\/a><\/p>\n","protected":false},"author":1,"featured_media":0,"comment_status":"open","ping_status":"open","sticky":false,"template":"","format":"standard","meta":{"_jetpack_newsletter_access":"","_jetpack_dont_email_post_to_subs":false,"_jetpack_newsletter_tier_id":0,"_jetpack_memberships_contains_paywalled_content":false,"_jetpack_feature_clip_id":0,"_jetpack_memberships_contains_paid_content":false,"footnotes":"","jetpack_publicize_message":"","jetpack_publicize_feature_enabled":true,"jetpack_social_post_already_shared":true,"jetpack_social_options":{"image_generator_settings":{"template":"highway","default_image_id":0,"font":"","enabled":false},"version":2},"jetpack_post_was_ever_published":false},"categories":[21],"tags":[563],"class_list":["post-36965","post","type-post","status-publish","format-standard","hentry","category-informeci","tag-diainternacionaldamulher"],"jetpack_publicize_connections":[],"jetpack_featured_media_url":"","views":"","jetpack_sharing_enabled":true,"_links":{"self":[{"href":"https:\/\/www.pedroandretta.info\/index\/wp-json\/wp\/v2\/posts\/36965","targetHints":{"allow":["GET"]}}],"collection":[{"href":"https:\/\/www.pedroandretta.info\/index\/wp-json\/wp\/v2\/posts"}],"about":[{"href":"https:\/\/www.pedroandretta.info\/index\/wp-json\/wp\/v2\/types\/post"}],"author":[{"embeddable":true,"href":"https:\/\/www.pedroandretta.info\/index\/wp-json\/wp\/v2\/users\/1"}],"replies":[{"embeddable":true,"href":"https:\/\/www.pedroandretta.info\/index\/wp-json\/wp\/v2\/comments?post=36965"}],"version-history":[{"count":1,"href":"https:\/\/www.pedroandretta.info\/index\/wp-json\/wp\/v2\/posts\/36965\/revisions"}],"predecessor-version":[{"id":36967,"href":"https:\/\/www.pedroandretta.info\/index\/wp-json\/wp\/v2\/posts\/36965\/revisions\/36967"}],"wp:attachment":[{"href":"https:\/\/www.pedroandretta.info\/index\/wp-json\/wp\/v2\/media?parent=36965"}],"wp:term":[{"taxonomy":"category","embeddable":true,"href":"https:\/\/www.pedroandretta.info\/index\/wp-json\/wp\/v2\/categories?post=36965"},{"taxonomy":"post_tag","embeddable":true,"href":"https:\/\/www.pedroandretta.info\/index\/wp-json\/wp\/v2\/tags?post=36965"}],"curies":[{"name":"wp","href":"https:\/\/api.w.org\/{rel}","templated":true}]}}