{"id":36968,"date":"2026-03-09T12:41:59","date_gmt":"2026-03-09T16:41:59","guid":{"rendered":"https:\/\/www.pedroandretta.info\/index\/?p=36968"},"modified":"2026-03-09T12:42:10","modified_gmt":"2026-03-09T16:42:10","slug":"professor-leitor-o-desafio-de-formar-leitores-criticos-revista-educacao","status":"publish","type":"post","link":"https:\/\/www.pedroandretta.info\/index\/2026\/03\/professor-leitor-o-desafio-de-formar-leitores-criticos-revista-educacao\/","title":{"rendered":"Professor-leitor: o desafio de formar leitores cr\u00edticos \/ Revista Educa\u00e7\u00e3o"},"content":{"rendered":"\n<p><strong>Professor-leitor: o desafio de formar leitores cr\u00edticos \/ Revista Educa\u00e7\u00e3o<\/strong><\/p>\n\n\n\n<p>O est\u00edmulo \u00e0 leitura liter\u00e1ria no ambiente escolar, destacando, para esse feito, a import\u00e2ncia do professor-leitor, s\u00e3o os temas deste epis\u00f3dio do podcast Brasil Educa\u00e7\u00e3o.<\/p>\n\n\n\n<p>No primeiro bloco, temos Karina Favaro, mestre em cr\u00edtica liter\u00e1ria e coordenadora de projetos de literatura do Multiverso das Letras.<\/p>\n\n\n\n<p>J\u00e1 no segundo bloco, o foco \u00e9 o Pr\u00eamio Multiverso de Literatura, que busca estimular a escrita de estudantes do ensino b\u00e1sico, em uma categoria, como tamb\u00e9m a de adultos, em outra categoria. As inscri\u00e7\u00f5es est\u00e3o abertas at\u00e9 30 de junho de 2026. Quem fala da premia\u00e7\u00e3o \u00e9 Mar\u00edlia Mendes, especialista em literatura infantil e gerente editorial da Via L\u00fadica.<\/p>\n\n\n\n<p>#Forma\u00e7\u00e3oDeLeitores<\/p>\n\n\n\n<p>via Revista Educa\u00e7\u00e3o<\/p>\n\n\n\n<p>Dispon\u00edvel em: <a href=\"https:\/\/revistaeducacao.com.br\/2026\/03\/04\/podcast-o-desafio-de-formar-leitores-criticos\/\">https:\/\/revistaeducacao.com.br\/2026\/03\/04\/podcast-o-desafio-de-formar-leitores-criticos\/<\/a><\/p>\n","protected":false},"excerpt":{"rendered":"<p>Professor-leitor: o desafio de formar leitores cr\u00edticos \/ Revista Educa\u00e7\u00e3o O est\u00edmulo \u00e0 leitura liter\u00e1ria no ambiente escolar, destacando, para esse feito, a import\u00e2ncia do professor-leitor, s\u00e3o os temas deste epis\u00f3dio do podcast Brasil Educa\u00e7\u00e3o. No primeiro bloco, temos Karina Favaro, mestre em cr\u00edtica liter\u00e1ria e coordenadora de projetos de literatura do Multiverso das Letras.<\/p><\/div>\n<div class=\"blog-btn\"><a href=\"https:\/\/www.pedroandretta.info\/index\/2026\/03\/professor-leitor-o-desafio-de-formar-leitores-criticos-revista-educacao\/\" class=\"home-blog-btn\">Ler mais<\/a><\/p>\n","protected":false},"author":1,"featured_media":0,"comment_status":"open","ping_status":"open","sticky":false,"template":"","format":"standard","meta":{"_jetpack_memberships_contains_paid_content":false,"footnotes":"","jetpack_publicize_message":"","jetpack_publicize_feature_enabled":true,"jetpack_social_post_already_shared":true,"jetpack_social_options":{"image_generator_settings":{"template":"highway","default_image_id":0,"font":"","enabled":false},"version":2}},"categories":[21],"tags":[922],"class_list":["post-36968","post","type-post","status-publish","format-standard","hentry","category-informeci","tag-formacaodeleitores"],"jetpack_publicize_connections":[],"jetpack_featured_media_url":"","views":"","jetpack_sharing_enabled":true,"_links":{"self":[{"href":"https:\/\/www.pedroandretta.info\/index\/wp-json\/wp\/v2\/posts\/36968","targetHints":{"allow":["GET"]}}],"collection":[{"href":"https:\/\/www.pedroandretta.info\/index\/wp-json\/wp\/v2\/posts"}],"about":[{"href":"https:\/\/www.pedroandretta.info\/index\/wp-json\/wp\/v2\/types\/post"}],"author":[{"embeddable":true,"href":"https:\/\/www.pedroandretta.info\/index\/wp-json\/wp\/v2\/users\/1"}],"replies":[{"embeddable":true,"href":"https:\/\/www.pedroandretta.info\/index\/wp-json\/wp\/v2\/comments?post=36968"}],"version-history":[{"count":1,"href":"https:\/\/www.pedroandretta.info\/index\/wp-json\/wp\/v2\/posts\/36968\/revisions"}],"predecessor-version":[{"id":36969,"href":"https:\/\/www.pedroandretta.info\/index\/wp-json\/wp\/v2\/posts\/36968\/revisions\/36969"}],"wp:attachment":[{"href":"https:\/\/www.pedroandretta.info\/index\/wp-json\/wp\/v2\/media?parent=36968"}],"wp:term":[{"taxonomy":"category","embeddable":true,"href":"https:\/\/www.pedroandretta.info\/index\/wp-json\/wp\/v2\/categories?post=36968"},{"taxonomy":"post_tag","embeddable":true,"href":"https:\/\/www.pedroandretta.info\/index\/wp-json\/wp\/v2\/tags?post=36968"}],"curies":[{"name":"wp","href":"https:\/\/api.w.org\/{rel}","templated":true}]}}