{"id":37217,"date":"2026-03-24T12:06:31","date_gmt":"2026-03-24T16:06:31","guid":{"rendered":"https:\/\/www.pedroandretta.info\/index\/?p=37217"},"modified":"2026-03-24T12:06:34","modified_gmt":"2026-03-24T16:06:34","slug":"indice-de-liberdade-academica-a-autonomia-das-universidades-nos-eua-fica-muito-aquem-da-de-seu-grupo-de-pares-volkswagen-stiftung","status":"publish","type":"post","link":"https:\/\/www.pedroandretta.info\/index\/2026\/03\/indice-de-liberdade-academica-a-autonomia-das-universidades-nos-eua-fica-muito-aquem-da-de-seu-grupo-de-pares-volkswagen-stiftung\/","title":{"rendered":"\u00cdndice de Liberdade Acad\u00eamica: A autonomia das universidades nos EUA fica muito aqu\u00e9m da de seu grupo de pares \/ Volkswagen Stiftung"},"content":{"rendered":"\n<p><strong>\u00cdndice de Liberdade Acad\u00eamica: A autonomia das universidades nos EUA fica muito aqu\u00e9m da de seu grupo de pares \/ Volkswagen Stiftung<\/strong><\/p>\n\n\n\n<p>O novo relat\u00f3rio do \u00cdndice de Liberdade Acad\u00eamica (AFI, na sigla em ingl\u00eas) oferece uma vis\u00e3o geral do estado da liberdade acad\u00eamica em todo o mundo. Os dados sugerem uma liga\u00e7\u00e3o entre a autonomia institucional das universidades e a liberdade individual dos pesquisadores. Nos EUA, uma an\u00e1lise comparativa revela um decl\u00ednio dr\u00e1stico na autonomia universit\u00e1ria. Na primavera de 2026, o \u00cdndice de Liberdade Acad\u00eamica volta a destacar o estado global da liberdade acad\u00eamica \u2013 novos dados do projeto AFI, conduzido por pesquisadores da Universidade Friedrich-Alexander de Erlangen-Nuremberg (FAU) e do Instituto Variedades da Democracia (V-Dem) da Universidade de Gotemburgo, s\u00e3o publicados anualmente em mar\u00e7o. A Funda\u00e7\u00e3o Volkswagen apoia o AFI desde 2021.<\/p>\n\n\n\n<p>#LiberdadeIntelectual #EUA #Universidades<\/p>\n\n\n\n<p>Dispon\u00edvel em: <a href=\"https:\/\/www.volkswagenstiftung.de\/en\/news\/news\/academic-freedom-index-autonomy-universities-usa-falls-far-behind-peer-group\">https:\/\/www.volkswagenstiftung.de\/en\/news\/news\/academic-freedom-index-autonomy-universities-usa-falls-far-behind-peer-group<\/a><\/p>\n\n\n\n<figure class=\"wp-block-image size-large\"><img data-recalc-dims=\"1\" decoding=\"async\" width=\"600\" height=\"343\" src=\"https:\/\/i0.wp.com\/www.pedroandretta.info\/index\/wp-content\/uploads\/2026\/03\/image-86.png?resize=600%2C343&#038;ssl=1\" alt=\"\" class=\"wp-image-37218\" srcset=\"https:\/\/i0.wp.com\/www.pedroandretta.info\/index\/wp-content\/uploads\/2026\/03\/image-86.png?resize=600%2C343&amp;ssl=1 600w, https:\/\/i0.wp.com\/www.pedroandretta.info\/index\/wp-content\/uploads\/2026\/03\/image-86.png?resize=300%2C172&amp;ssl=1 300w, https:\/\/i0.wp.com\/www.pedroandretta.info\/index\/wp-content\/uploads\/2026\/03\/image-86.png?resize=768%2C440&amp;ssl=1 768w, https:\/\/i0.wp.com\/www.pedroandretta.info\/index\/wp-content\/uploads\/2026\/03\/image-86.png?w=1083&amp;ssl=1 1083w\" sizes=\"(max-width: 600px) 100vw, 600px\" \/><\/figure>\n","protected":false},"excerpt":{"rendered":"<p>\u00cdndice de Liberdade Acad\u00eamica: A autonomia das universidades nos EUA fica muito aqu\u00e9m da de seu grupo de pares \/ Volkswagen Stiftung O novo relat\u00f3rio do \u00cdndice de Liberdade Acad\u00eamica (AFI, na sigla em ingl\u00eas) oferece uma vis\u00e3o geral do estado da liberdade acad\u00eamica em todo o mundo. Os dados sugerem uma liga\u00e7\u00e3o entre a<\/p><\/div>\n<div class=\"blog-btn\"><a href=\"https:\/\/www.pedroandretta.info\/index\/2026\/03\/indice-de-liberdade-academica-a-autonomia-das-universidades-nos-eua-fica-muito-aquem-da-de-seu-grupo-de-pares-volkswagen-stiftung\/\" class=\"home-blog-btn\">Ler mais<\/a><\/p>\n","protected":false},"author":1,"featured_media":0,"comment_status":"open","ping_status":"open","sticky":false,"template":"","format":"standard","meta":{"_jetpack_memberships_contains_paid_content":false,"footnotes":"","jetpack_publicize_message":"","jetpack_publicize_feature_enabled":true,"jetpack_social_post_already_shared":true,"jetpack_social_options":{"image_generator_settings":{"template":"highway","default_image_id":0,"font":"","enabled":false},"version":2}},"categories":[21],"tags":[165,1162,29],"class_list":["post-37217","post","type-post","status-publish","format-standard","hentry","category-informeci","tag-eua","tag-liberdadeintelectual","tag-universidades"],"jetpack_publicize_connections":[],"jetpack_featured_media_url":"","views":"","jetpack_sharing_enabled":true,"_links":{"self":[{"href":"https:\/\/www.pedroandretta.info\/index\/wp-json\/wp\/v2\/posts\/37217","targetHints":{"allow":["GET"]}}],"collection":[{"href":"https:\/\/www.pedroandretta.info\/index\/wp-json\/wp\/v2\/posts"}],"about":[{"href":"https:\/\/www.pedroandretta.info\/index\/wp-json\/wp\/v2\/types\/post"}],"author":[{"embeddable":true,"href":"https:\/\/www.pedroandretta.info\/index\/wp-json\/wp\/v2\/users\/1"}],"replies":[{"embeddable":true,"href":"https:\/\/www.pedroandretta.info\/index\/wp-json\/wp\/v2\/comments?post=37217"}],"version-history":[{"count":1,"href":"https:\/\/www.pedroandretta.info\/index\/wp-json\/wp\/v2\/posts\/37217\/revisions"}],"predecessor-version":[{"id":37219,"href":"https:\/\/www.pedroandretta.info\/index\/wp-json\/wp\/v2\/posts\/37217\/revisions\/37219"}],"wp:attachment":[{"href":"https:\/\/www.pedroandretta.info\/index\/wp-json\/wp\/v2\/media?parent=37217"}],"wp:term":[{"taxonomy":"category","embeddable":true,"href":"https:\/\/www.pedroandretta.info\/index\/wp-json\/wp\/v2\/categories?post=37217"},{"taxonomy":"post_tag","embeddable":true,"href":"https:\/\/www.pedroandretta.info\/index\/wp-json\/wp\/v2\/tags?post=37217"}],"curies":[{"name":"wp","href":"https:\/\/api.w.org\/{rel}","templated":true}]}}