{"id":37223,"date":"2026-03-24T12:17:45","date_gmt":"2026-03-24T16:17:45","guid":{"rendered":"https:\/\/www.pedroandretta.info\/index\/?p=37223"},"modified":"2026-03-24T12:17:49","modified_gmt":"2026-03-24T16:17:49","slug":"biblioteca-publica-e-por-natureza-um-espaco-acolhedor-e-emancipatorio-afirma-presidente-do-cfb-em-lancamento-de-campanha-em-salvador-cfb","status":"publish","type":"post","link":"https:\/\/www.pedroandretta.info\/index\/2026\/03\/biblioteca-publica-e-por-natureza-um-espaco-acolhedor-e-emancipatorio-afirma-presidente-do-cfb-em-lancamento-de-campanha-em-salvador-cfb\/","title":{"rendered":"\u201cBiblioteca p\u00fablica \u00e9, por natureza, um espa\u00e7o acolhedor e emancipat\u00f3rio\u201d, afirma presidente do CFB em lan\u00e7amento de campanha em Salvador \/ CFB"},"content":{"rendered":"\n<p><strong>\u201cBiblioteca p\u00fablica \u00e9, por natureza, um espa\u00e7o acolhedor e emancipat\u00f3rio\u201d, afirma presidente do CFB em lan\u00e7amento de campanha em Salvador \/ CFB<\/strong><\/p>\n\n\n\n<p>Durante a fala, Dalgiza ressaltou ainda que as bibliotecas p\u00fablicas possuem um papel essencial na promo\u00e7\u00e3o da inclus\u00e3o social por serem espa\u00e7os abertos a toda a popula\u00e7\u00e3o.\u201cA biblioteca p\u00fablica re\u00fane in\u00fameras caracter\u00edsticas, mas a mais importante delas \u00e9 que ela n\u00e3o trabalha com nenhum tipo de segrega\u00e7\u00e3o. A biblioteca p\u00fablica \u00e9, por excel\u00eancia, por natureza e por finalidade, acolhedora e emancipat\u00f3ria\u201d, destacou.<\/p>\n\n\n\n<p>A representante do Conselho tamb\u00e9m defendeu a articula\u00e7\u00e3o entre profissionais da \u00e1rea, gestores p\u00fablicos e agentes culturais para ampliar e qualificar as pol\u00edticas voltadas \u00e0s bibliotecas no pa\u00eds.<\/p>\n\n\n\n<p>\u201cContamos com os bibliotec\u00e1rios do Brasil, com os ativistas da Biblioteconomia e da cultura para que unidos possamos, em parceria com o Minist\u00e9rio da Cultura, trabalhar na efetiva\u00e7\u00e3o e na melhoria desse equipamento cultural t\u00e3o necess\u00e1rio ao Brasil\u201d, concluiu a presidente do CFB.<\/p>\n\n\n\n<p>#BibliotecasP\u00fablicas<\/p>\n\n\n\n<p>via CFB<\/p>\n\n\n\n<p>Dispon\u00edvel em: <a href=\"https:\/\/cfb.org.br\/noticias\/biblioteca-publica-e-por-natureza-um-espaco-acolhedor-e-emancipatorio-afirma-presidente-do-cfb-em-lancamento-de-campanha-em-salvador\/\">https:\/\/cfb.org.br\/noticias\/biblioteca-publica-e-por-natureza-um-espaco-acolhedor-e-emancipatorio-afirma-presidente-do-cfb-em-lancamento-de-campanha-em-salvador\/<\/a><\/p>\n","protected":false},"excerpt":{"rendered":"<p>\u201cBiblioteca p\u00fablica \u00e9, por natureza, um espa\u00e7o acolhedor e emancipat\u00f3rio\u201d, afirma presidente do CFB em lan\u00e7amento de campanha em Salvador \/ CFB Durante a fala, Dalgiza ressaltou ainda que as bibliotecas p\u00fablicas possuem um papel essencial na promo\u00e7\u00e3o da inclus\u00e3o social por serem espa\u00e7os abertos a toda a popula\u00e7\u00e3o.\u201cA biblioteca p\u00fablica re\u00fane in\u00fameras caracter\u00edsticas, mas<\/p><\/div>\n<div class=\"blog-btn\"><a href=\"https:\/\/www.pedroandretta.info\/index\/2026\/03\/biblioteca-publica-e-por-natureza-um-espaco-acolhedor-e-emancipatorio-afirma-presidente-do-cfb-em-lancamento-de-campanha-em-salvador-cfb\/\" class=\"home-blog-btn\">Ler mais<\/a><\/p>\n","protected":false},"author":1,"featured_media":0,"comment_status":"open","ping_status":"open","sticky":false,"template":"","format":"standard","meta":{"_jetpack_memberships_contains_paid_content":false,"footnotes":"","jetpack_publicize_message":"","jetpack_publicize_feature_enabled":true,"jetpack_social_post_already_shared":true,"jetpack_social_options":{"image_generator_settings":{"template":"highway","default_image_id":0,"font":"","enabled":false},"version":2}},"categories":[21],"tags":[39],"class_list":["post-37223","post","type-post","status-publish","format-standard","hentry","category-informeci","tag-bibliotecaspublicas"],"jetpack_publicize_connections":[],"jetpack_featured_media_url":"","views":"","jetpack_sharing_enabled":true,"_links":{"self":[{"href":"https:\/\/www.pedroandretta.info\/index\/wp-json\/wp\/v2\/posts\/37223","targetHints":{"allow":["GET"]}}],"collection":[{"href":"https:\/\/www.pedroandretta.info\/index\/wp-json\/wp\/v2\/posts"}],"about":[{"href":"https:\/\/www.pedroandretta.info\/index\/wp-json\/wp\/v2\/types\/post"}],"author":[{"embeddable":true,"href":"https:\/\/www.pedroandretta.info\/index\/wp-json\/wp\/v2\/users\/1"}],"replies":[{"embeddable":true,"href":"https:\/\/www.pedroandretta.info\/index\/wp-json\/wp\/v2\/comments?post=37223"}],"version-history":[{"count":1,"href":"https:\/\/www.pedroandretta.info\/index\/wp-json\/wp\/v2\/posts\/37223\/revisions"}],"predecessor-version":[{"id":37224,"href":"https:\/\/www.pedroandretta.info\/index\/wp-json\/wp\/v2\/posts\/37223\/revisions\/37224"}],"wp:attachment":[{"href":"https:\/\/www.pedroandretta.info\/index\/wp-json\/wp\/v2\/media?parent=37223"}],"wp:term":[{"taxonomy":"category","embeddable":true,"href":"https:\/\/www.pedroandretta.info\/index\/wp-json\/wp\/v2\/categories?post=37223"},{"taxonomy":"post_tag","embeddable":true,"href":"https:\/\/www.pedroandretta.info\/index\/wp-json\/wp\/v2\/tags?post=37223"}],"curies":[{"name":"wp","href":"https:\/\/api.w.org\/{rel}","templated":true}]}}