{"id":37254,"date":"2026-03-25T12:15:49","date_gmt":"2026-03-25T16:15:49","guid":{"rendered":"https:\/\/www.pedroandretta.info\/index\/?p=37254"},"modified":"2026-03-25T12:15:53","modified_gmt":"2026-03-25T16:15:53","slug":"visualizacao-e-geracao-de-dados-bibliograficos-no-modelo-bibframe-brajis","status":"publish","type":"post","link":"https:\/\/www.pedroandretta.info\/index\/2026\/03\/visualizacao-e-geracao-de-dados-bibliograficos-no-modelo-bibframe-brajis\/","title":{"rendered":"Visualiza\u00e7\u00e3o e Gera\u00e7\u00e3o de Dados Bibliogr\u00e1ficos no Modelo BIBFRAME \/ Brajis"},"content":{"rendered":"\n<p><strong>Visualiza\u00e7\u00e3o e Gera\u00e7\u00e3o de Dados Bibliogr\u00e1ficos no Modelo BIBFRAME \/ Brajis<\/strong><\/p>\n\n\n\n<p>Como resultado, observou-se a possibilidade de visualiza\u00e7\u00e3o das rela\u00e7\u00f5es entre dados, em conson\u00e2ncia com os princ\u00edpios do&nbsp;<em>Linked Data<\/em>, o que facilita a navega\u00e7\u00e3o do usu\u00e1rio no processo de cataloga\u00e7\u00e3o. Verificou-se que a estrutura do BIBFRAME est\u00e1 fundamentada na&nbsp;<em>Web<\/em>&nbsp;de dados interconectados, com \u00eanfase na formaliza\u00e7\u00e3o dos relacionamentos entre recursos, e n\u00e3o na concep\u00e7\u00e3o de registros isolados. Dessa forma, permite-se explorar as rela\u00e7\u00f5es de maneira independente, promovendo maior interoperabilidade, clareza sem\u00e2ntica e integra\u00e7\u00e3o entre os dados bibliogr\u00e1ficos.<\/p>\n\n\n\n<p>#BIBFRAME<\/p>\n\n\n\n<p>Dispon\u00edvel em: <a href=\"https:\/\/revistas.marilia.unesp.br\/index.php\/bjis\/article\/view\/17037\">https:\/\/revistas.marilia.unesp.br\/index.php\/bjis\/article\/view\/17037<\/a><\/p>\n\n\n\n<figure class=\"wp-block-image size-large\"><img data-recalc-dims=\"1\" decoding=\"async\" width=\"445\" height=\"600\" src=\"https:\/\/i0.wp.com\/www.pedroandretta.info\/index\/wp-content\/uploads\/2026\/03\/image-93.png?resize=445%2C600&#038;ssl=1\" alt=\"\" class=\"wp-image-37255\" srcset=\"https:\/\/i0.wp.com\/www.pedroandretta.info\/index\/wp-content\/uploads\/2026\/03\/image-93.png?resize=445%2C600&amp;ssl=1 445w, https:\/\/i0.wp.com\/www.pedroandretta.info\/index\/wp-content\/uploads\/2026\/03\/image-93.png?resize=222%2C300&amp;ssl=1 222w, https:\/\/i0.wp.com\/www.pedroandretta.info\/index\/wp-content\/uploads\/2026\/03\/image-93.png?w=564&amp;ssl=1 564w\" sizes=\"(max-width: 445px) 100vw, 445px\" \/><\/figure>\n","protected":false},"excerpt":{"rendered":"<p>Visualiza\u00e7\u00e3o e Gera\u00e7\u00e3o de Dados Bibliogr\u00e1ficos no Modelo BIBFRAME \/ Brajis Como resultado, observou-se a possibilidade de visualiza\u00e7\u00e3o das rela\u00e7\u00f5es entre dados, em conson\u00e2ncia com os princ\u00edpios do&nbsp;Linked Data, o que facilita a navega\u00e7\u00e3o do usu\u00e1rio no processo de cataloga\u00e7\u00e3o. Verificou-se que a estrutura do BIBFRAME est\u00e1 fundamentada na&nbsp;Web&nbsp;de dados interconectados, com \u00eanfase na formaliza\u00e7\u00e3o<\/p><\/div>\n<div class=\"blog-btn\"><a href=\"https:\/\/www.pedroandretta.info\/index\/2026\/03\/visualizacao-e-geracao-de-dados-bibliograficos-no-modelo-bibframe-brajis\/\" class=\"home-blog-btn\">Ler mais<\/a><\/p>\n","protected":false},"author":1,"featured_media":0,"comment_status":"open","ping_status":"open","sticky":false,"template":"","format":"standard","meta":{"_jetpack_memberships_contains_paid_content":false,"footnotes":"","jetpack_publicize_message":"","jetpack_publicize_feature_enabled":true,"jetpack_social_post_already_shared":true,"jetpack_social_options":{"image_generator_settings":{"template":"highway","default_image_id":0,"font":"","enabled":false},"version":2}},"categories":[21],"tags":[835],"class_list":["post-37254","post","type-post","status-publish","format-standard","hentry","category-informeci","tag-bibframe"],"jetpack_publicize_connections":[],"jetpack_featured_media_url":"","views":"","jetpack_sharing_enabled":true,"_links":{"self":[{"href":"https:\/\/www.pedroandretta.info\/index\/wp-json\/wp\/v2\/posts\/37254","targetHints":{"allow":["GET"]}}],"collection":[{"href":"https:\/\/www.pedroandretta.info\/index\/wp-json\/wp\/v2\/posts"}],"about":[{"href":"https:\/\/www.pedroandretta.info\/index\/wp-json\/wp\/v2\/types\/post"}],"author":[{"embeddable":true,"href":"https:\/\/www.pedroandretta.info\/index\/wp-json\/wp\/v2\/users\/1"}],"replies":[{"embeddable":true,"href":"https:\/\/www.pedroandretta.info\/index\/wp-json\/wp\/v2\/comments?post=37254"}],"version-history":[{"count":1,"href":"https:\/\/www.pedroandretta.info\/index\/wp-json\/wp\/v2\/posts\/37254\/revisions"}],"predecessor-version":[{"id":37256,"href":"https:\/\/www.pedroandretta.info\/index\/wp-json\/wp\/v2\/posts\/37254\/revisions\/37256"}],"wp:attachment":[{"href":"https:\/\/www.pedroandretta.info\/index\/wp-json\/wp\/v2\/media?parent=37254"}],"wp:term":[{"taxonomy":"category","embeddable":true,"href":"https:\/\/www.pedroandretta.info\/index\/wp-json\/wp\/v2\/categories?post=37254"},{"taxonomy":"post_tag","embeddable":true,"href":"https:\/\/www.pedroandretta.info\/index\/wp-json\/wp\/v2\/tags?post=37254"}],"curies":[{"name":"wp","href":"https:\/\/api.w.org\/{rel}","templated":true}]}}