{"id":37274,"date":"2026-03-27T10:49:43","date_gmt":"2026-03-27T14:49:43","guid":{"rendered":"https:\/\/www.pedroandretta.info\/index\/?p=37274"},"modified":"2026-03-27T10:49:47","modified_gmt":"2026-03-27T14:49:47","slug":"a-nova-desigualdade-educacional-quem-tem-ia-e-quem-nao-tem-revista-educacao","status":"publish","type":"post","link":"https:\/\/www.pedroandretta.info\/index\/2026\/03\/a-nova-desigualdade-educacional-quem-tem-ia-e-quem-nao-tem-revista-educacao\/","title":{"rendered":"A nova desigualdade educacional: quem tem IA e quem n\u00e3o tem \/ Revista Educa\u00e7\u00e3o"},"content":{"rendered":"\n<p><strong>A nova desigualdade educacional: quem tem IA e quem n\u00e3o tem \/ Revista Educa\u00e7\u00e3o<\/strong><\/p>\n\n\n\n<p>A nova desigualdade educacional tamb\u00e9m passa pela compreens\u00e3o do uso de tecnologias no ambiente dom\u00e9stico. Orientar as fam\u00edlias sobre o uso consciente da IA, seus riscos e possibilidades contribui para uma abordagem mais integrada e consistente.<\/p>\n\n\n\n<p>Por fim, \u00e9 importante compreender que a quest\u00e3o n\u00e3o \u00e9 ser \u201ca favor\u201d ou \u201ccontra\u201d a intelig\u00eancia artificial. A tecnologia j\u00e1 \u00e9 uma realidade e continuar\u00e1 avan\u00e7ando. A quest\u00e3o central \u00e9: quem ter\u00e1 condi\u00e7\u00f5es de utiliz\u00e1-la de forma cr\u00edtica, criativa e \u00e9tica?<\/p>\n\n\n\n<p>Se a escola n\u00e3o assumir esse papel, a desigualdade tende a se aprofundar. Mas, se ela se posicionar como espa\u00e7o de media\u00e7\u00e3o, reflex\u00e3o e cria\u00e7\u00e3o, pode se tornar um agente fundamental de equidade.<\/p>\n\n\n\n<p>#IA #Educa\u00e7\u00e3o #Escolas #Desigualdade<\/p>\n\n\n\n<p>via Revista Educa\u00e7\u00e3o<\/p>\n\n\n\n<p>Dispon\u00edvel em: <a href=\"https:\/\/revistaeducacao.com.br\/2026\/03\/26\/a-nova-desigualdade-educacional-quem-tem-ia-e-quem-nao-tem\/\">https:\/\/revistaeducacao.com.br\/2026\/03\/26\/a-nova-desigualdade-educacional-quem-tem-ia-e-quem-nao-tem\/<\/a><\/p>\n","protected":false},"excerpt":{"rendered":"<p>A nova desigualdade educacional: quem tem IA e quem n\u00e3o tem \/ Revista Educa\u00e7\u00e3o A nova desigualdade educacional tamb\u00e9m passa pela compreens\u00e3o do uso de tecnologias no ambiente dom\u00e9stico. Orientar as fam\u00edlias sobre o uso consciente da IA, seus riscos e possibilidades contribui para uma abordagem mais integrada e consistente. Por fim, \u00e9 importante compreender<\/p><\/div>\n<div class=\"blog-btn\"><a href=\"https:\/\/www.pedroandretta.info\/index\/2026\/03\/a-nova-desigualdade-educacional-quem-tem-ia-e-quem-nao-tem-revista-educacao\/\" class=\"home-blog-btn\">Ler mais<\/a><\/p>\n","protected":false},"author":1,"featured_media":0,"comment_status":"open","ping_status":"open","sticky":false,"template":"","format":"standard","meta":{"_jetpack_memberships_contains_paid_content":false,"footnotes":"","jetpack_publicize_message":"","jetpack_publicize_feature_enabled":true,"jetpack_social_post_already_shared":true,"jetpack_social_options":{"image_generator_settings":{"template":"highway","default_image_id":0,"font":"","enabled":false},"version":2}},"categories":[21],"tags":[349,45,81,1994],"class_list":["post-37274","post","type-post","status-publish","format-standard","hentry","category-informeci","tag-desigualdade","tag-educacao","tag-escolas","tag-inteligenciaartificial"],"jetpack_publicize_connections":[],"jetpack_featured_media_url":"","views":"","jetpack_sharing_enabled":true,"_links":{"self":[{"href":"https:\/\/www.pedroandretta.info\/index\/wp-json\/wp\/v2\/posts\/37274","targetHints":{"allow":["GET"]}}],"collection":[{"href":"https:\/\/www.pedroandretta.info\/index\/wp-json\/wp\/v2\/posts"}],"about":[{"href":"https:\/\/www.pedroandretta.info\/index\/wp-json\/wp\/v2\/types\/post"}],"author":[{"embeddable":true,"href":"https:\/\/www.pedroandretta.info\/index\/wp-json\/wp\/v2\/users\/1"}],"replies":[{"embeddable":true,"href":"https:\/\/www.pedroandretta.info\/index\/wp-json\/wp\/v2\/comments?post=37274"}],"version-history":[{"count":1,"href":"https:\/\/www.pedroandretta.info\/index\/wp-json\/wp\/v2\/posts\/37274\/revisions"}],"predecessor-version":[{"id":37275,"href":"https:\/\/www.pedroandretta.info\/index\/wp-json\/wp\/v2\/posts\/37274\/revisions\/37275"}],"wp:attachment":[{"href":"https:\/\/www.pedroandretta.info\/index\/wp-json\/wp\/v2\/media?parent=37274"}],"wp:term":[{"taxonomy":"category","embeddable":true,"href":"https:\/\/www.pedroandretta.info\/index\/wp-json\/wp\/v2\/categories?post=37274"},{"taxonomy":"post_tag","embeddable":true,"href":"https:\/\/www.pedroandretta.info\/index\/wp-json\/wp\/v2\/tags?post=37274"}],"curies":[{"name":"wp","href":"https:\/\/api.w.org\/{rel}","templated":true}]}}