{"id":37310,"date":"2026-03-28T13:22:35","date_gmt":"2026-03-28T17:22:35","guid":{"rendered":"https:\/\/www.pedroandretta.info\/index\/?p=37310"},"modified":"2026-03-28T13:22:39","modified_gmt":"2026-03-28T17:22:39","slug":"carta-de-salvador-em-defesa-das-bibliotecas-publicas-brasileiras-como-politica-de-estado-cfb","status":"publish","type":"post","link":"https:\/\/www.pedroandretta.info\/index\/2026\/03\/carta-de-salvador-em-defesa-das-bibliotecas-publicas-brasileiras-como-politica-de-estado-cfb\/","title":{"rendered":"Carta de Salvador: Em defesa das bibliotecas p\u00fablicas brasileiras como pol\u00edtica de Estado \/ CFB"},"content":{"rendered":"\n<p><strong>Carta de Salvador: Em defesa das bibliotecas p\u00fablicas brasileiras como pol\u00edtica de Estado \/ CFB<\/strong><\/p>\n\n\n\n<p>A biblioteca p\u00fablica deve ser reconhecida, ainda, como espa\u00e7o de mem\u00f3ria, pertencimento e inclus\u00e3o. N\u00e3o se trata apenas de garantir acesso ao livro, mas de assegurar acesso qualificado \u00e0 informa\u00e7\u00e3o, \u00e0 cultura, \u00e0s tecnologias, \u00e0 media\u00e7\u00e3o leitora e \u00e0 cidadania. Em um pa\u00eds atravessado por desigualdades, fortalecer bibliotecas p\u00fablicas significa ampliar possibilidades de participa\u00e7\u00e3o social, forma\u00e7\u00e3o cidad\u00e3 e justi\u00e7a informacional.<br>Esta Carta de Salvador conclama o poder p\u00fablico, os sistemas de bibliotecas, os conselhos profissionais, as entidades bibliotecon\u00f4micas, as universidades e a sociedade a assumirem um compromisso efetivo com a biblioteca p\u00fablica brasileira. N\u00e3o como equipamento perif\u00e9rico, secund\u00e1rio ou acess\u00f3rio, mas como equipamento cultural essencial \u00e0 democratiza\u00e7\u00e3o do conhecimento, \u00e0 promo\u00e7\u00e3o da leitura, \u00e0 circula\u00e7\u00e3o da cultura, \u00e0 preserva\u00e7\u00e3o da mem\u00f3ria e ao fortalecimento da vida democr\u00e1tica. Defender sua exist\u00eancia material \u00e9 indispens\u00e1vel; defender sua visibilidade p\u00fablica \u00e9 urgente. Uma biblioteca reconhecida socialmente tem mais condi\u00e7\u00f5es de ser protegida, financiada e fortalecida.<\/p>\n\n\n\n<p>#BibliotecasP\u00fablicas #CFB<\/p>\n\n\n\n<p>via CFB<\/p>\n\n\n\n<p>Dispon\u00edvel em: <a href=\"https:\/\/repositorio.cfb.org.br\/handle\/123456789\/1465\">https:\/\/repositorio.cfb.org.br\/handle\/123456789\/1465<\/a><\/p>\n\n\n\n<figure class=\"wp-block-image size-large\"><img data-recalc-dims=\"1\" decoding=\"async\" width=\"422\" height=\"600\" src=\"https:\/\/i0.wp.com\/www.pedroandretta.info\/index\/wp-content\/uploads\/2026\/03\/image-108.png?resize=422%2C600&#038;ssl=1\" alt=\"\" class=\"wp-image-37311\" srcset=\"https:\/\/i0.wp.com\/www.pedroandretta.info\/index\/wp-content\/uploads\/2026\/03\/image-108.png?resize=422%2C600&amp;ssl=1 422w, https:\/\/i0.wp.com\/www.pedroandretta.info\/index\/wp-content\/uploads\/2026\/03\/image-108.png?resize=211%2C300&amp;ssl=1 211w, https:\/\/i0.wp.com\/www.pedroandretta.info\/index\/wp-content\/uploads\/2026\/03\/image-108.png?w=581&amp;ssl=1 581w\" sizes=\"(max-width: 422px) 100vw, 422px\" \/><\/figure>\n","protected":false},"excerpt":{"rendered":"<p>Carta de Salvador: Em defesa das bibliotecas p\u00fablicas brasileiras como pol\u00edtica de Estado \/ CFB A biblioteca p\u00fablica deve ser reconhecida, ainda, como espa\u00e7o de mem\u00f3ria, pertencimento e inclus\u00e3o. N\u00e3o se trata apenas de garantir acesso ao livro, mas de assegurar acesso qualificado \u00e0 informa\u00e7\u00e3o, \u00e0 cultura, \u00e0s tecnologias, \u00e0 media\u00e7\u00e3o leitora e \u00e0 cidadania.<\/p><\/div>\n<div class=\"blog-btn\"><a href=\"https:\/\/www.pedroandretta.info\/index\/2026\/03\/carta-de-salvador-em-defesa-das-bibliotecas-publicas-brasileiras-como-politica-de-estado-cfb\/\" class=\"home-blog-btn\">Ler mais<\/a><\/p>\n","protected":false},"author":1,"featured_media":0,"comment_status":"open","ping_status":"open","sticky":false,"template":"","format":"standard","meta":{"_jetpack_memberships_contains_paid_content":false,"footnotes":"","jetpack_publicize_message":"","jetpack_publicize_feature_enabled":true,"jetpack_social_post_already_shared":true,"jetpack_social_options":{"image_generator_settings":{"template":"highway","default_image_id":0,"font":"","enabled":false},"version":2}},"categories":[21],"tags":[39,628],"class_list":["post-37310","post","type-post","status-publish","format-standard","hentry","category-informeci","tag-bibliotecaspublicas","tag-cfb"],"jetpack_publicize_connections":[],"jetpack_featured_media_url":"","views":"","jetpack_sharing_enabled":true,"_links":{"self":[{"href":"https:\/\/www.pedroandretta.info\/index\/wp-json\/wp\/v2\/posts\/37310","targetHints":{"allow":["GET"]}}],"collection":[{"href":"https:\/\/www.pedroandretta.info\/index\/wp-json\/wp\/v2\/posts"}],"about":[{"href":"https:\/\/www.pedroandretta.info\/index\/wp-json\/wp\/v2\/types\/post"}],"author":[{"embeddable":true,"href":"https:\/\/www.pedroandretta.info\/index\/wp-json\/wp\/v2\/users\/1"}],"replies":[{"embeddable":true,"href":"https:\/\/www.pedroandretta.info\/index\/wp-json\/wp\/v2\/comments?post=37310"}],"version-history":[{"count":1,"href":"https:\/\/www.pedroandretta.info\/index\/wp-json\/wp\/v2\/posts\/37310\/revisions"}],"predecessor-version":[{"id":37312,"href":"https:\/\/www.pedroandretta.info\/index\/wp-json\/wp\/v2\/posts\/37310\/revisions\/37312"}],"wp:attachment":[{"href":"https:\/\/www.pedroandretta.info\/index\/wp-json\/wp\/v2\/media?parent=37310"}],"wp:term":[{"taxonomy":"category","embeddable":true,"href":"https:\/\/www.pedroandretta.info\/index\/wp-json\/wp\/v2\/categories?post=37310"},{"taxonomy":"post_tag","embeddable":true,"href":"https:\/\/www.pedroandretta.info\/index\/wp-json\/wp\/v2\/tags?post=37310"}],"curies":[{"name":"wp","href":"https:\/\/api.w.org\/{rel}","templated":true}]}}