{"id":37400,"date":"2026-04-03T13:33:27","date_gmt":"2026-04-03T17:33:27","guid":{"rendered":"https:\/\/www.pedroandretta.info\/index\/?p=37400"},"modified":"2026-04-03T13:33:32","modified_gmt":"2026-04-03T17:33:32","slug":"32-livros-infantis-que-ajudam-a-trabalhar-emocoes-diversidade-e-formacao-de-leitores-porvir","status":"publish","type":"post","link":"https:\/\/www.pedroandretta.info\/index\/2026\/04\/32-livros-infantis-que-ajudam-a-trabalhar-emocoes-diversidade-e-formacao-de-leitores-porvir\/","title":{"rendered":"32 livros infantis que ajudam a trabalhar emo\u00e7\u00f5es, diversidade e forma\u00e7\u00e3o de leitores \/ Porvir"},"content":{"rendered":"\n<p><strong>32 livros infantis que ajudam a trabalhar emo\u00e7\u00f5es, diversidade e forma\u00e7\u00e3o de leitores \/ Porvir<\/strong><\/p>\n\n\n\n<p>O Dia Internacional do Livro Infantil, celebrado em 2 de abril, \u00e9 uma homenagem ao escritor dinamarqu\u00eas Hans Christian Andersen (1805\u20131875), autor de hist\u00f3rias como \u201cSoldadinho de Chumbo\u201d e \u201cA Pequena Sereia\u201d. Entre elas est\u00e1 a hist\u00f3ria do filhote de cisne rejeitado por ser diferente. No Brasil, o \u201cPatinho Feio\u201d tamb\u00e9m tem import\u00e2ncia hist\u00f3rica: foi uma das primeiras publica\u00e7\u00f5es infantis com impress\u00e3o em cores, em 1915.<\/p>\n\n\n\n<p>J\u00e1 o dia 18 de abril marca o Dia Nacional do Livro Infantil, data que celebra o nascimento de Monteiro Lobato (1882\u20131948). Entre muitas obras dedicadas ao universo infantil, Lobato foi respons\u00e1vel por dar vida ao universo do S\u00edtio do Picapau Amarelo, lar da boneca de pano Em\u00edlia, costurada por Tia Nast\u00e1cia. A cole\u00e7\u00e3o conta com 23 livros independentes e, ao longo do tempo, ganhou diversas adapta\u00e7\u00f5es para a TV.<\/p>\n\n\n\n<p>#LivrosInfantil #Forma\u00e7\u00e3oDeLeitores #Diversidade #Emo\u00e7\u00e3o<\/p>\n\n\n\n<p>via Porvir<\/p>\n\n\n\n<p>Dispon\u00edvel em: <a href=\"https:\/\/porvir.org\/livros-infantis-emocoes-diversidade-formacao\/\">https:\/\/porvir.org\/livros-infantis-emocoes-diversidade-formacao\/<\/a><\/p>\n\n\n\n<figure class=\"wp-block-image size-full\"><img data-recalc-dims=\"1\" decoding=\"async\" width=\"233\" height=\"300\" src=\"https:\/\/i0.wp.com\/www.pedroandretta.info\/index\/wp-content\/uploads\/2026\/04\/image-6.png?resize=233%2C300&#038;ssl=1\" alt=\"\" class=\"wp-image-37401\"\/><\/figure>\n","protected":false},"excerpt":{"rendered":"<p>32 livros infantis que ajudam a trabalhar emo\u00e7\u00f5es, diversidade e forma\u00e7\u00e3o de leitores \/ Porvir O Dia Internacional do Livro Infantil, celebrado em 2 de abril, \u00e9 uma homenagem ao escritor dinamarqu\u00eas Hans Christian Andersen (1805\u20131875), autor de hist\u00f3rias como \u201cSoldadinho de Chumbo\u201d e \u201cA Pequena Sereia\u201d. Entre elas est\u00e1 a hist\u00f3ria do filhote de<\/p><\/div>\n<div class=\"blog-btn\"><a href=\"https:\/\/www.pedroandretta.info\/index\/2026\/04\/32-livros-infantis-que-ajudam-a-trabalhar-emocoes-diversidade-e-formacao-de-leitores-porvir\/\" class=\"home-blog-btn\">Ler mais<\/a><\/p>\n","protected":false},"author":1,"featured_media":0,"comment_status":"open","ping_status":"open","sticky":false,"template":"","format":"standard","meta":{"_jetpack_memberships_contains_paid_content":false,"footnotes":"","jetpack_publicize_message":"","jetpack_publicize_feature_enabled":true,"jetpack_social_post_already_shared":true,"jetpack_social_options":{"image_generator_settings":{"template":"highway","default_image_id":0,"font":"","enabled":false},"version":2}},"categories":[21],"tags":[304,4156,922,827,302],"class_list":["post-37400","post","type-post","status-publish","format-standard","hentry","category-informeci","tag-diversidade","tag-emocao","tag-formacaodeleitores","tag-literaturainfantil","tag-livrosinfantis"],"jetpack_publicize_connections":[],"jetpack_featured_media_url":"","views":"","jetpack_sharing_enabled":true,"_links":{"self":[{"href":"https:\/\/www.pedroandretta.info\/index\/wp-json\/wp\/v2\/posts\/37400","targetHints":{"allow":["GET"]}}],"collection":[{"href":"https:\/\/www.pedroandretta.info\/index\/wp-json\/wp\/v2\/posts"}],"about":[{"href":"https:\/\/www.pedroandretta.info\/index\/wp-json\/wp\/v2\/types\/post"}],"author":[{"embeddable":true,"href":"https:\/\/www.pedroandretta.info\/index\/wp-json\/wp\/v2\/users\/1"}],"replies":[{"embeddable":true,"href":"https:\/\/www.pedroandretta.info\/index\/wp-json\/wp\/v2\/comments?post=37400"}],"version-history":[{"count":1,"href":"https:\/\/www.pedroandretta.info\/index\/wp-json\/wp\/v2\/posts\/37400\/revisions"}],"predecessor-version":[{"id":37402,"href":"https:\/\/www.pedroandretta.info\/index\/wp-json\/wp\/v2\/posts\/37400\/revisions\/37402"}],"wp:attachment":[{"href":"https:\/\/www.pedroandretta.info\/index\/wp-json\/wp\/v2\/media?parent=37400"}],"wp:term":[{"taxonomy":"category","embeddable":true,"href":"https:\/\/www.pedroandretta.info\/index\/wp-json\/wp\/v2\/categories?post=37400"},{"taxonomy":"post_tag","embeddable":true,"href":"https:\/\/www.pedroandretta.info\/index\/wp-json\/wp\/v2\/tags?post=37400"}],"curies":[{"name":"wp","href":"https:\/\/api.w.org\/{rel}","templated":true}]}}