{"id":37467,"date":"2026-04-07T09:37:26","date_gmt":"2026-04-07T13:37:26","guid":{"rendered":"https:\/\/www.pedroandretta.info\/index\/?p=37467"},"modified":"2026-04-07T09:37:31","modified_gmt":"2026-04-07T13:37:31","slug":"desinformacao-afasta-meninas-da-vacina-contra-o-hpv-no-brasil-mesmo-em-classes-mais-altas-aponta-estudo-bori","status":"publish","type":"post","link":"https:\/\/www.pedroandretta.info\/index\/2026\/04\/desinformacao-afasta-meninas-da-vacina-contra-o-hpv-no-brasil-mesmo-em-classes-mais-altas-aponta-estudo-bori\/","title":{"rendered":"Desinforma\u00e7\u00e3o afasta meninas da vacina contra o HPV no Brasil mesmo em classes mais altas, aponta estudo \/ Bori"},"content":{"rendered":"\n<p><strong>Desinforma\u00e7\u00e3o afasta meninas da vacina contra o HPV no Brasil mesmo em classes mais altas, aponta estudo \/ Bori<\/strong><\/p>\n\n\n\n<p>Em estados como Mato Grosso do Sul e Bahia, adolescentes de fam\u00edlias mais ricas, com maior n\u00edvel socioecon\u00f4mico, s\u00e3o as que menos se vacinaram, o que chamou a aten\u00e7\u00e3o dos pesquisadores.<\/p>\n\n\n\n<p>\u201cA hesita\u00e7\u00e3o vacinal pode, sim, ser um dos fatores que poderiam explicar esse resultado. Outro ponto importante que pode estar relacionado \u00e9 a desinforma\u00e7\u00e3o e o consequente aumento do movimento antivacina. As redes sociais desempenham um papel importante nesse aspecto, desinformando as pessoas sobre os benef\u00edcios da vacina\u201d, alerta o pesquisador.<\/p>\n\n\n\n<p>Por outro lado, a escolaridade das m\u00e3es tamb\u00e9m se mostrou um fator de peso na decis\u00e3o. Em diversos estados, meninas filhas de mulheres com menor n\u00edvel de instru\u00e7\u00e3o t\u00eam significativamente menos chance de serem imunizadas nos postos de sa\u00fade.<\/p>\n\n\n\n<p>#Vacina\u00e7\u00e3o #Vacinas #Desinforma\u00e7\u00e3o<\/p>\n\n\n\n<p>via Bori<\/p>\n\n\n\n<p>Dispon\u00edvel em: <a href=\"https:\/\/abori.com.br\/saude\/desinformacao-vacina-hpv-adolescentes-brasil\/\">https:\/\/abori.com.br\/saude\/desinformacao-vacina-hpv-adolescentes-brasil\/<\/a><\/p>\n","protected":false},"excerpt":{"rendered":"<p>Desinforma\u00e7\u00e3o afasta meninas da vacina contra o HPV no Brasil mesmo em classes mais altas, aponta estudo \/ Bori Em estados como Mato Grosso do Sul e Bahia, adolescentes de fam\u00edlias mais ricas, com maior n\u00edvel socioecon\u00f4mico, s\u00e3o as que menos se vacinaram, o que chamou a aten\u00e7\u00e3o dos pesquisadores. \u201cA hesita\u00e7\u00e3o vacinal pode, sim,<\/p><\/div>\n<div class=\"blog-btn\"><a href=\"https:\/\/www.pedroandretta.info\/index\/2026\/04\/desinformacao-afasta-meninas-da-vacina-contra-o-hpv-no-brasil-mesmo-em-classes-mais-altas-aponta-estudo-bori\/\" class=\"home-blog-btn\">Ler mais<\/a><\/p>\n","protected":false},"author":1,"featured_media":0,"comment_status":"open","ping_status":"open","sticky":false,"template":"","format":"standard","meta":{"_jetpack_memberships_contains_paid_content":false,"footnotes":"","jetpack_publicize_message":"","jetpack_publicize_feature_enabled":true,"jetpack_social_post_already_shared":true,"jetpack_social_options":{"image_generator_settings":{"template":"highway","default_image_id":0,"font":"","enabled":false},"version":2}},"categories":[21],"tags":[142,1512,2188],"class_list":["post-37467","post","type-post","status-publish","format-standard","hentry","category-informeci","tag-desinformacao","tag-vacinacao","tag-vacinas"],"jetpack_publicize_connections":[],"jetpack_featured_media_url":"","views":"","jetpack_sharing_enabled":true,"_links":{"self":[{"href":"https:\/\/www.pedroandretta.info\/index\/wp-json\/wp\/v2\/posts\/37467","targetHints":{"allow":["GET"]}}],"collection":[{"href":"https:\/\/www.pedroandretta.info\/index\/wp-json\/wp\/v2\/posts"}],"about":[{"href":"https:\/\/www.pedroandretta.info\/index\/wp-json\/wp\/v2\/types\/post"}],"author":[{"embeddable":true,"href":"https:\/\/www.pedroandretta.info\/index\/wp-json\/wp\/v2\/users\/1"}],"replies":[{"embeddable":true,"href":"https:\/\/www.pedroandretta.info\/index\/wp-json\/wp\/v2\/comments?post=37467"}],"version-history":[{"count":1,"href":"https:\/\/www.pedroandretta.info\/index\/wp-json\/wp\/v2\/posts\/37467\/revisions"}],"predecessor-version":[{"id":37468,"href":"https:\/\/www.pedroandretta.info\/index\/wp-json\/wp\/v2\/posts\/37467\/revisions\/37468"}],"wp:attachment":[{"href":"https:\/\/www.pedroandretta.info\/index\/wp-json\/wp\/v2\/media?parent=37467"}],"wp:term":[{"taxonomy":"category","embeddable":true,"href":"https:\/\/www.pedroandretta.info\/index\/wp-json\/wp\/v2\/categories?post=37467"},{"taxonomy":"post_tag","embeddable":true,"href":"https:\/\/www.pedroandretta.info\/index\/wp-json\/wp\/v2\/tags?post=37467"}],"curies":[{"name":"wp","href":"https:\/\/api.w.org\/{rel}","templated":true}]}}