{"id":37564,"date":"2026-04-13T12:29:27","date_gmt":"2026-04-13T16:29:27","guid":{"rendered":"https:\/\/www.pedroandretta.info\/index\/?p=37564"},"modified":"2026-04-13T12:29:30","modified_gmt":"2026-04-13T16:29:30","slug":"a-loucura-da-leitura-biblogtecarios","status":"publish","type":"post","link":"https:\/\/www.pedroandretta.info\/index\/2026\/04\/a-loucura-da-leitura-biblogtecarios\/","title":{"rendered":"A loucura da leitura \/ Biblogtecarios"},"content":{"rendered":"\n<p><strong>A loucura da leitura \/ Biblogtecarios<\/strong><\/p>\n\n\n\n<p>Acho importante ter em mente que transtorno mental e defici\u00eancia nem sempre s\u00e3o termos que andam juntos, mas h\u00e1 casos em que sabemos que esses problemas podem ser incapacitantes e afetar significativamente o desenvolvimento da vida di\u00e1ria, profissional ou social.<\/p>\n\n\n\n<p>Em nosso trabalho, atender usu\u00e1rios de bibliotecas com defici\u00eancias psiqui\u00e1tricas ou psicol\u00f3gicas exige uma abordagem inclusiva baseada na acessibilidade cognitiva, empatia e n\u00e3o estigmatiza\u00e7\u00e3o. Pessoas com problemas de sa\u00fade mental s\u00e3o frequentemente tratadas como v\u00edtimas e agressores, e at\u00e9 mesmo consideradas violentas, mesmo quando isso ocorre em rar\u00edssimos casos. Portanto, \u00e9 essencial conscientizar e tentar nos libertar de certos estere\u00f3tipos ou estigmas que podem dificultar nossas intera\u00e7\u00f5es e os servi\u00e7os que lhes prestamos.<\/p>\n\n\n\n<p>#Biblioterapia<\/p>\n\n\n\n<p>via Biblogtecarios<\/p>\n\n\n\n<p>Dispon\u00edvel em: <a href=\"https:\/\/www.biblogtecarios.es\/fatimacanosa\/la-locura-de-la-lectura\/\">https:\/\/www.biblogtecarios.es\/fatimacanosa\/la-locura-de-la-lectura\/<\/a><\/p>\n\n\n\n<figure class=\"wp-block-image size-large\"><img data-recalc-dims=\"1\" decoding=\"async\" width=\"414\" height=\"600\" src=\"https:\/\/i0.wp.com\/www.pedroandretta.info\/index\/wp-content\/uploads\/2026\/04\/image-49.png?resize=414%2C600&#038;ssl=1\" alt=\"\" class=\"wp-image-37565\" srcset=\"https:\/\/i0.wp.com\/www.pedroandretta.info\/index\/wp-content\/uploads\/2026\/04\/image-49.png?resize=414%2C600&amp;ssl=1 414w, https:\/\/i0.wp.com\/www.pedroandretta.info\/index\/wp-content\/uploads\/2026\/04\/image-49.png?resize=207%2C300&amp;ssl=1 207w, https:\/\/i0.wp.com\/www.pedroandretta.info\/index\/wp-content\/uploads\/2026\/04\/image-49.png?w=564&amp;ssl=1 564w\" sizes=\"(max-width: 414px) 100vw, 414px\" \/><\/figure>\n","protected":false},"excerpt":{"rendered":"<p>A loucura da leitura \/ Biblogtecarios Acho importante ter em mente que transtorno mental e defici\u00eancia nem sempre s\u00e3o termos que andam juntos, mas h\u00e1 casos em que sabemos que esses problemas podem ser incapacitantes e afetar significativamente o desenvolvimento da vida di\u00e1ria, profissional ou social. Em nosso trabalho, atender usu\u00e1rios de bibliotecas com defici\u00eancias<\/p><\/div>\n<div class=\"blog-btn\"><a href=\"https:\/\/www.pedroandretta.info\/index\/2026\/04\/a-loucura-da-leitura-biblogtecarios\/\" class=\"home-blog-btn\">Ler mais<\/a><\/p>\n","protected":false},"author":1,"featured_media":0,"comment_status":"open","ping_status":"open","sticky":false,"template":"","format":"standard","meta":{"_jetpack_newsletter_access":"","_jetpack_dont_email_post_to_subs":false,"_jetpack_newsletter_tier_id":0,"_jetpack_memberships_contains_paywalled_content":false,"_jetpack_feature_clip_id":0,"_jetpack_memberships_contains_paid_content":false,"footnotes":"","jetpack_publicize_message":"","jetpack_publicize_feature_enabled":true,"jetpack_social_post_already_shared":true,"jetpack_social_options":{"image_generator_settings":{"template":"highway","default_image_id":0,"font":"","enabled":false},"version":2},"jetpack_post_was_ever_published":false},"categories":[21],"tags":[120],"class_list":["post-37564","post","type-post","status-publish","format-standard","hentry","category-informeci","tag-biblioterapia"],"jetpack_publicize_connections":[],"jetpack_featured_media_url":"","views":"","jetpack_sharing_enabled":true,"_links":{"self":[{"href":"https:\/\/www.pedroandretta.info\/index\/wp-json\/wp\/v2\/posts\/37564","targetHints":{"allow":["GET"]}}],"collection":[{"href":"https:\/\/www.pedroandretta.info\/index\/wp-json\/wp\/v2\/posts"}],"about":[{"href":"https:\/\/www.pedroandretta.info\/index\/wp-json\/wp\/v2\/types\/post"}],"author":[{"embeddable":true,"href":"https:\/\/www.pedroandretta.info\/index\/wp-json\/wp\/v2\/users\/1"}],"replies":[{"embeddable":true,"href":"https:\/\/www.pedroandretta.info\/index\/wp-json\/wp\/v2\/comments?post=37564"}],"version-history":[{"count":1,"href":"https:\/\/www.pedroandretta.info\/index\/wp-json\/wp\/v2\/posts\/37564\/revisions"}],"predecessor-version":[{"id":37566,"href":"https:\/\/www.pedroandretta.info\/index\/wp-json\/wp\/v2\/posts\/37564\/revisions\/37566"}],"wp:attachment":[{"href":"https:\/\/www.pedroandretta.info\/index\/wp-json\/wp\/v2\/media?parent=37564"}],"wp:term":[{"taxonomy":"category","embeddable":true,"href":"https:\/\/www.pedroandretta.info\/index\/wp-json\/wp\/v2\/categories?post=37564"},{"taxonomy":"post_tag","embeddable":true,"href":"https:\/\/www.pedroandretta.info\/index\/wp-json\/wp\/v2\/tags?post=37564"}],"curies":[{"name":"wp","href":"https:\/\/api.w.org\/{rel}","templated":true}]}}