{"id":37907,"date":"2026-04-26T12:24:24","date_gmt":"2026-04-26T16:24:24","guid":{"rendered":"https:\/\/www.pedroandretta.info\/index\/?p=37907"},"modified":"2026-04-26T12:24:26","modified_gmt":"2026-04-26T16:24:26","slug":"copyright-a-tendencia-de-privatizacao-das-colecoes-rbe","status":"publish","type":"post","link":"https:\/\/www.pedroandretta.info\/index\/2026\/04\/copyright-a-tendencia-de-privatizacao-das-colecoes-rbe\/","title":{"rendered":"Copyright: A tend\u00eancia de privatiza\u00e7\u00e3o das cole\u00e7\u00f5es \/ RBE"},"content":{"rendered":"\n<p><strong>Copyright: A tend\u00eancia de privatiza\u00e7\u00e3o das cole\u00e7\u00f5es \/ RBE<\/strong><\/p>\n\n\n\n<p>A transi\u00e7\u00e3o para o digital \u201cdesencadeou uma enorme mudan\u00e7a de poder das institui\u00e7\u00f5es p\u00fablicas para os detentores de direitos autorais privados\u201d, resultando num enfraquecimento do poder e alcance das bibliotecas: \u201cSem interven\u00e7\u00e3o [legislativa], enfrentamos um \u2018buraco negro do s\u00e9culo XXI\u2019 no qual as obras digitais nunca s\u00e3o preservadas, os investigadores s\u00e3o exclu\u00eddos devido aos altos custos e o direito do p\u00fablico \u00e0 informa\u00e7\u00e3o \u00e9 limitado por contratos injustos\u201d e que n\u00e3o t\u00eam em conta o interesse p\u00fablico.<\/p>\n\n\n\n<p>Na pr\u00e1tica, s\u00e3o entidades privadas \u2013 grandes editoras comerciais, plataformas de conte\u00fados e prestadores de servi\u00e7os digitais \u2013 que det\u00eam e controlam as cole\u00e7\u00f5es digitais, ap\u00f3s terem adquirido ou licenciado os direitos de explora\u00e7\u00e3o das obras. Isto refor\u00e7a a tend\u00eancia de privatiza\u00e7\u00e3o do acesso ao conhecimento, mesmo quando as obras t\u00eam relev\u00e2ncia \u00f3bvia para educa\u00e7\u00e3o, ci\u00eancia ou mem\u00f3ria coletiva.<\/p>\n\n\n\n<p>#Bibliotecas #DireitosAutorais #Cole\u00e7\u00f5esDigitais<\/p>\n\n\n\n<p>via RBE<\/p>\n\n\n\n<p>Dispon\u00edvel em: <a href=\"https:\/\/blogue.rbe.mec.pt\/copyright-a-tendencia-de-privatizacao-3076210\">https:\/\/blogue.rbe.mec.pt\/copyright-a-tendencia-de-privatizacao-3076210<\/a><\/p>\n\n\n\n<figure class=\"wp-block-image size-large\"><img data-recalc-dims=\"1\" decoding=\"async\" width=\"420\" height=\"600\" src=\"https:\/\/i0.wp.com\/www.pedroandretta.info\/index\/wp-content\/uploads\/2026\/04\/image-113.png?resize=420%2C600&#038;ssl=1\" alt=\"\" class=\"wp-image-37908\" srcset=\"https:\/\/i0.wp.com\/www.pedroandretta.info\/index\/wp-content\/uploads\/2026\/04\/image-113.png?resize=420%2C600&amp;ssl=1 420w, https:\/\/i0.wp.com\/www.pedroandretta.info\/index\/wp-content\/uploads\/2026\/04\/image-113.png?resize=210%2C300&amp;ssl=1 210w, https:\/\/i0.wp.com\/www.pedroandretta.info\/index\/wp-content\/uploads\/2026\/04\/image-113.png?w=590&amp;ssl=1 590w\" sizes=\"(max-width: 420px) 100vw, 420px\" \/><\/figure>\n","protected":false},"excerpt":{"rendered":"<p>Copyright: A tend\u00eancia de privatiza\u00e7\u00e3o das cole\u00e7\u00f5es \/ RBE A transi\u00e7\u00e3o para o digital \u201cdesencadeou uma enorme mudan\u00e7a de poder das institui\u00e7\u00f5es p\u00fablicas para os detentores de direitos autorais privados\u201d, resultando num enfraquecimento do poder e alcance das bibliotecas: \u201cSem interven\u00e7\u00e3o [legislativa], enfrentamos um \u2018buraco negro do s\u00e9culo XXI\u2019 no qual as obras digitais nunca<\/p><\/div>\n<div class=\"blog-btn\"><a href=\"https:\/\/www.pedroandretta.info\/index\/2026\/04\/copyright-a-tendencia-de-privatizacao-das-colecoes-rbe\/\" class=\"home-blog-btn\">Ler mais<\/a><\/p>\n","protected":false},"author":1,"featured_media":0,"comment_status":"open","ping_status":"open","sticky":false,"template":"","format":"standard","meta":{"_jetpack_memberships_contains_paid_content":false,"footnotes":"","jetpack_publicize_message":"","jetpack_publicize_feature_enabled":true,"jetpack_social_post_already_shared":true,"jetpack_social_options":{"image_generator_settings":{"template":"highway","default_image_id":0,"font":"","enabled":false},"version":2}},"categories":[21],"tags":[38,2021,301],"class_list":["post-37907","post","type-post","status-publish","format-standard","hentry","category-informeci","tag-bibliotecas","tag-colecoesdigitais","tag-direitosautorais"],"jetpack_publicize_connections":[],"jetpack_featured_media_url":"","views":"","jetpack_sharing_enabled":true,"_links":{"self":[{"href":"https:\/\/www.pedroandretta.info\/index\/wp-json\/wp\/v2\/posts\/37907","targetHints":{"allow":["GET"]}}],"collection":[{"href":"https:\/\/www.pedroandretta.info\/index\/wp-json\/wp\/v2\/posts"}],"about":[{"href":"https:\/\/www.pedroandretta.info\/index\/wp-json\/wp\/v2\/types\/post"}],"author":[{"embeddable":true,"href":"https:\/\/www.pedroandretta.info\/index\/wp-json\/wp\/v2\/users\/1"}],"replies":[{"embeddable":true,"href":"https:\/\/www.pedroandretta.info\/index\/wp-json\/wp\/v2\/comments?post=37907"}],"version-history":[{"count":1,"href":"https:\/\/www.pedroandretta.info\/index\/wp-json\/wp\/v2\/posts\/37907\/revisions"}],"predecessor-version":[{"id":37909,"href":"https:\/\/www.pedroandretta.info\/index\/wp-json\/wp\/v2\/posts\/37907\/revisions\/37909"}],"wp:attachment":[{"href":"https:\/\/www.pedroandretta.info\/index\/wp-json\/wp\/v2\/media?parent=37907"}],"wp:term":[{"taxonomy":"category","embeddable":true,"href":"https:\/\/www.pedroandretta.info\/index\/wp-json\/wp\/v2\/categories?post=37907"},{"taxonomy":"post_tag","embeddable":true,"href":"https:\/\/www.pedroandretta.info\/index\/wp-json\/wp\/v2\/tags?post=37907"}],"curies":[{"name":"wp","href":"https:\/\/api.w.org\/{rel}","templated":true}]}}