{"id":37910,"date":"2026-04-26T12:36:44","date_gmt":"2026-04-26T16:36:44","guid":{"rendered":"https:\/\/www.pedroandretta.info\/index\/?p=37910"},"modified":"2026-04-26T12:36:49","modified_gmt":"2026-04-26T16:36:49","slug":"a-relacao-complexa-dos-americanos-com-as-noticias-pew","status":"publish","type":"post","link":"https:\/\/www.pedroandretta.info\/index\/2026\/04\/a-relacao-complexa-dos-americanos-com-as-noticias-pew\/","title":{"rendered":"A rela\u00e7\u00e3o complexa dos americanos com as not\u00edcias \/ Pew"},"content":{"rendered":"\n<p><strong>A rela\u00e7\u00e3o complexa dos americanos com as not\u00edcias \/ Pew<\/strong><\/p>\n\n\n\n<p>O r\u00e1pido crescimento das plataformas digitais remodelou a forma como as not\u00edcias chegam \u00e0s pessoas . Not\u00edcias que antes exigiam um esfor\u00e7o deliberado \u2013 por exemplo, ligar a TV ou pegar um jornal \u2013 agora chegam \u00e0s pessoas regularmente em espa\u00e7os digitais ou por meio de conversas com outras pessoas .<\/p>\n\n\n\n<p>\u201cAs not\u00edcias te encontram hoje em dia\u201d, disse um homem na casa dos 40 anos.<\/p>\n\n\n\n<p>Os americanos est\u00e3o agora divididos igualmente entre aqueles que se informam principalmente porque est\u00e3o procurando por not\u00edcias (50%) e aqueles que se deparam com elas por acaso (49%). E uma porcentagem semelhante de americanos (47%) diz que consegue se manter informada mesmo quando n\u00e3o acompanha ativamente as not\u00edcias. (&#8230;)<\/p>\n\n\n\n<p>Em \u00faltima an\u00e1lise, relativamente poucos americanos (9%) dizem acompanhar as not\u00edcias apenas por prazer. Em compara\u00e7\u00e3o, 24% afirmam faz\u00ea-lo apenas por obriga\u00e7\u00e3o. Cerca de metade (51%) cita uma combina\u00e7\u00e3o desses dois motivos, enquanto 16% dizem n\u00e3o acompanhar as not\u00edcias de forma alguma.<\/p>\n\n\n\n<p>#Jornalismo #ConsumoDeInforma\u00e7\u00e3o #Pr\u00e1ticasInformacionais<\/p>\n\n\n\n<p>via Pew<\/p>\n\n\n\n<p>Dispon\u00edvel em: <a href=\"https:\/\/www.pewresearch.org\/journalism\/2026\/02\/11\/americans-complicated-relationship-with-news\/\">https:\/\/www.pewresearch.org\/journalism\/2026\/02\/11\/americans-complicated-relationship-with-news\/<\/a><\/p>\n\n\n\n<figure class=\"wp-block-image size-large\"><img data-recalc-dims=\"1\" decoding=\"async\" width=\"600\" height=\"379\" src=\"https:\/\/i0.wp.com\/www.pedroandretta.info\/index\/wp-content\/uploads\/2026\/04\/image-114.png?resize=600%2C379&#038;ssl=1\" alt=\"\" class=\"wp-image-37911\" srcset=\"https:\/\/i0.wp.com\/www.pedroandretta.info\/index\/wp-content\/uploads\/2026\/04\/image-114.png?resize=600%2C379&amp;ssl=1 600w, https:\/\/i0.wp.com\/www.pedroandretta.info\/index\/wp-content\/uploads\/2026\/04\/image-114.png?resize=300%2C190&amp;ssl=1 300w, https:\/\/i0.wp.com\/www.pedroandretta.info\/index\/wp-content\/uploads\/2026\/04\/image-114.png?resize=768%2C486&amp;ssl=1 768w, https:\/\/i0.wp.com\/www.pedroandretta.info\/index\/wp-content\/uploads\/2026\/04\/image-114.png?resize=1536%2C971&amp;ssl=1 1536w, https:\/\/i0.wp.com\/www.pedroandretta.info\/index\/wp-content\/uploads\/2026\/04\/image-114.png?resize=540%2C340&amp;ssl=1 540w, https:\/\/i0.wp.com\/www.pedroandretta.info\/index\/wp-content\/uploads\/2026\/04\/image-114.png?resize=1320%2C835&amp;ssl=1 1320w, https:\/\/i0.wp.com\/www.pedroandretta.info\/index\/wp-content\/uploads\/2026\/04\/image-114.png?w=1577&amp;ssl=1 1577w, https:\/\/i0.wp.com\/www.pedroandretta.info\/index\/wp-content\/uploads\/2026\/04\/image-114.png?w=1392&amp;ssl=1 1392w\" sizes=\"(max-width: 600px) 100vw, 600px\" \/><\/figure>\n","protected":false},"excerpt":{"rendered":"<p>A rela\u00e7\u00e3o complexa dos americanos com as not\u00edcias \/ Pew O r\u00e1pido crescimento das plataformas digitais remodelou a forma como as not\u00edcias chegam \u00e0s pessoas . Not\u00edcias que antes exigiam um esfor\u00e7o deliberado \u2013 por exemplo, ligar a TV ou pegar um jornal \u2013 agora chegam \u00e0s pessoas regularmente em espa\u00e7os digitais ou por meio<\/p><\/div>\n<div class=\"blog-btn\"><a href=\"https:\/\/www.pedroandretta.info\/index\/2026\/04\/a-relacao-complexa-dos-americanos-com-as-noticias-pew\/\" class=\"home-blog-btn\">Ler mais<\/a><\/p>\n","protected":false},"author":1,"featured_media":0,"comment_status":"open","ping_status":"open","sticky":false,"template":"","format":"standard","meta":{"_jetpack_memberships_contains_paid_content":false,"footnotes":"","jetpack_publicize_message":"","jetpack_publicize_feature_enabled":true,"jetpack_social_post_already_shared":true,"jetpack_social_options":{"image_generator_settings":{"template":"highway","default_image_id":0,"font":"","enabled":false},"version":2}},"categories":[21],"tags":[2012,723,404],"class_list":["post-37910","post","type-post","status-publish","format-standard","hentry","category-informeci","tag-consumodeinformacao","tag-jornalismo","tag-praticasinformacionais"],"jetpack_publicize_connections":[],"jetpack_featured_media_url":"","views":"","jetpack_sharing_enabled":true,"_links":{"self":[{"href":"https:\/\/www.pedroandretta.info\/index\/wp-json\/wp\/v2\/posts\/37910","targetHints":{"allow":["GET"]}}],"collection":[{"href":"https:\/\/www.pedroandretta.info\/index\/wp-json\/wp\/v2\/posts"}],"about":[{"href":"https:\/\/www.pedroandretta.info\/index\/wp-json\/wp\/v2\/types\/post"}],"author":[{"embeddable":true,"href":"https:\/\/www.pedroandretta.info\/index\/wp-json\/wp\/v2\/users\/1"}],"replies":[{"embeddable":true,"href":"https:\/\/www.pedroandretta.info\/index\/wp-json\/wp\/v2\/comments?post=37910"}],"version-history":[{"count":1,"href":"https:\/\/www.pedroandretta.info\/index\/wp-json\/wp\/v2\/posts\/37910\/revisions"}],"predecessor-version":[{"id":37912,"href":"https:\/\/www.pedroandretta.info\/index\/wp-json\/wp\/v2\/posts\/37910\/revisions\/37912"}],"wp:attachment":[{"href":"https:\/\/www.pedroandretta.info\/index\/wp-json\/wp\/v2\/media?parent=37910"}],"wp:term":[{"taxonomy":"category","embeddable":true,"href":"https:\/\/www.pedroandretta.info\/index\/wp-json\/wp\/v2\/categories?post=37910"},{"taxonomy":"post_tag","embeddable":true,"href":"https:\/\/www.pedroandretta.info\/index\/wp-json\/wp\/v2\/tags?post=37910"}],"curies":[{"name":"wp","href":"https:\/\/api.w.org\/{rel}","templated":true}]}}