{"id":37913,"date":"2026-04-26T12:40:18","date_gmt":"2026-04-26T16:40:18","guid":{"rendered":"https:\/\/www.pedroandretta.info\/index\/?p=37913"},"modified":"2026-04-26T12:40:19","modified_gmt":"2026-04-26T16:40:19","slug":"open-glam-portable-um-ambiente-local-para-experimentar-gerenciadores-de-conteudo-e-repositorios-digitais-pinakes","status":"publish","type":"post","link":"https:\/\/www.pedroandretta.info\/index\/2026\/04\/open-glam-portable-um-ambiente-local-para-experimentar-gerenciadores-de-conteudo-e-repositorios-digitais-pinakes\/","title":{"rendered":"Open GLAM Portable: um ambiente local para experimentar gerenciadores de conte\u00fado e reposit\u00f3rios digitais \/ Pinakes"},"content":{"rendered":"\n<p><strong>Open GLAM Portable: um ambiente local para experimentar gerenciadores de conte\u00fado e reposit\u00f3rios digitais \/ Pinakes<\/strong><\/p>\n\n\n\n<p>Lancei recentemente a primeira vers\u00e3o do Open GLAM Portable , um ambiente local para Windows projetado para facilitar a experimenta\u00e7\u00e3o com diversos aplicativos comumente usados \u200b\u200bem projetos digitais relacionados a GLAM (Galerias, Galerias, Artes e Mod\u00e9stia). O pacote est\u00e1 pronto para ser executado localmente, sem a necessidade de instalar completamente cada aplicativo inclu\u00eddo.<\/p>\n\n\n\n<p>O projeto re\u00fane WordPress , Omeka Classic , Omeka S e Joomla! em um \u00fanico ambiente , juntamente com os componentes necess\u00e1rios para seu funcionamento: o servidor web Apache e o sistema de gerenciamento de banco de dados MariaDB com a interface phpMyAdmin . Al\u00e9m disso, permite a instala\u00e7\u00e3o de qualquer outro aplicativo que exija apenas esses componentes, bem como a cria\u00e7\u00e3o de projetos baseados em HTML, CSS, JavaScript ou PHP.<\/p>\n\n\n\n<p>#BibliotecasDigitais #Exposi\u00e7\u00e3oVirtual #TecnologiasDigitais #ProjetosWeb #Wordpress #Omeka<\/p>\n\n\n\n<p>Dispon\u00edvel em: <a href=\"https:\/\/www.rubenalcaraz.es\/pinakes\/humanidades-digitales\/open-glam-portable-entorno-local-experimentar-gestores-contenidos-repositorios\/\">https:\/\/www.rubenalcaraz.es\/pinakes\/humanidades-digitales\/open-glam-portable-entorno-local-experimentar-gestores-contenidos-repositorios\/<\/a><\/p>\n\n\n\n<figure class=\"wp-block-image size-large\"><img data-recalc-dims=\"1\" decoding=\"async\" width=\"600\" height=\"430\" src=\"https:\/\/i0.wp.com\/www.pedroandretta.info\/index\/wp-content\/uploads\/2026\/04\/image-115.png?resize=600%2C430&#038;ssl=1\" alt=\"\" class=\"wp-image-37914\" srcset=\"https:\/\/i0.wp.com\/www.pedroandretta.info\/index\/wp-content\/uploads\/2026\/04\/image-115.png?resize=600%2C430&amp;ssl=1 600w, https:\/\/i0.wp.com\/www.pedroandretta.info\/index\/wp-content\/uploads\/2026\/04\/image-115.png?resize=300%2C215&amp;ssl=1 300w, https:\/\/i0.wp.com\/www.pedroandretta.info\/index\/wp-content\/uploads\/2026\/04\/image-115.png?resize=768%2C550&amp;ssl=1 768w, https:\/\/i0.wp.com\/www.pedroandretta.info\/index\/wp-content\/uploads\/2026\/04\/image-115.png?resize=1536%2C1101&amp;ssl=1 1536w, https:\/\/i0.wp.com\/www.pedroandretta.info\/index\/wp-content\/uploads\/2026\/04\/image-115.png?resize=1320%2C946&amp;ssl=1 1320w, https:\/\/i0.wp.com\/www.pedroandretta.info\/index\/wp-content\/uploads\/2026\/04\/image-115.png?w=1800&amp;ssl=1 1800w, https:\/\/i0.wp.com\/www.pedroandretta.info\/index\/wp-content\/uploads\/2026\/04\/image-115.png?w=1392&amp;ssl=1 1392w\" sizes=\"(max-width: 600px) 100vw, 600px\" \/><\/figure>\n","protected":false},"excerpt":{"rendered":"<p>Open GLAM Portable: um ambiente local para experimentar gerenciadores de conte\u00fado e reposit\u00f3rios digitais \/ Pinakes Lancei recentemente a primeira vers\u00e3o do Open GLAM Portable , um ambiente local para Windows projetado para facilitar a experimenta\u00e7\u00e3o com diversos aplicativos comumente usados \u200b\u200bem projetos digitais relacionados a GLAM (Galerias, Galerias, Artes e Mod\u00e9stia). O pacote est\u00e1<\/p><\/div>\n<div class=\"blog-btn\"><a href=\"https:\/\/www.pedroandretta.info\/index\/2026\/04\/open-glam-portable-um-ambiente-local-para-experimentar-gerenciadores-de-conteudo-e-repositorios-digitais-pinakes\/\" class=\"home-blog-btn\">Ler mais<\/a><\/p>\n","protected":false},"author":1,"featured_media":0,"comment_status":"open","ping_status":"open","sticky":false,"template":"","format":"standard","meta":{"_jetpack_memberships_contains_paid_content":false,"footnotes":"","jetpack_publicize_message":"","jetpack_publicize_feature_enabled":true,"jetpack_social_post_already_shared":true,"jetpack_social_options":{"image_generator_settings":{"template":"highway","default_image_id":0,"font":"","enabled":false},"version":2}},"categories":[21],"tags":[376,680,2403,2871,551,3749],"class_list":["post-37913","post","type-post","status-publish","format-standard","hentry","category-informeci","tag-bibliotecasdigitais","tag-exposicaovirtual","tag-omeka","tag-projetosweb","tag-tecnologiasdigitais","tag-wordpress"],"jetpack_publicize_connections":[],"jetpack_featured_media_url":"","views":"","jetpack_sharing_enabled":true,"_links":{"self":[{"href":"https:\/\/www.pedroandretta.info\/index\/wp-json\/wp\/v2\/posts\/37913","targetHints":{"allow":["GET"]}}],"collection":[{"href":"https:\/\/www.pedroandretta.info\/index\/wp-json\/wp\/v2\/posts"}],"about":[{"href":"https:\/\/www.pedroandretta.info\/index\/wp-json\/wp\/v2\/types\/post"}],"author":[{"embeddable":true,"href":"https:\/\/www.pedroandretta.info\/index\/wp-json\/wp\/v2\/users\/1"}],"replies":[{"embeddable":true,"href":"https:\/\/www.pedroandretta.info\/index\/wp-json\/wp\/v2\/comments?post=37913"}],"version-history":[{"count":1,"href":"https:\/\/www.pedroandretta.info\/index\/wp-json\/wp\/v2\/posts\/37913\/revisions"}],"predecessor-version":[{"id":37915,"href":"https:\/\/www.pedroandretta.info\/index\/wp-json\/wp\/v2\/posts\/37913\/revisions\/37915"}],"wp:attachment":[{"href":"https:\/\/www.pedroandretta.info\/index\/wp-json\/wp\/v2\/media?parent=37913"}],"wp:term":[{"taxonomy":"category","embeddable":true,"href":"https:\/\/www.pedroandretta.info\/index\/wp-json\/wp\/v2\/categories?post=37913"},{"taxonomy":"post_tag","embeddable":true,"href":"https:\/\/www.pedroandretta.info\/index\/wp-json\/wp\/v2\/tags?post=37913"}],"curies":[{"name":"wp","href":"https:\/\/api.w.org\/{rel}","templated":true}]}}