{"id":37919,"date":"2026-04-26T12:49:11","date_gmt":"2026-04-26T16:49:11","guid":{"rendered":"https:\/\/www.pedroandretta.info\/index\/?p=37919"},"modified":"2026-04-26T12:49:14","modified_gmt":"2026-04-26T16:49:14","slug":"competencia-em-informacao-das-pessoas-bibliotecarias-risc","status":"publish","type":"post","link":"https:\/\/www.pedroandretta.info\/index\/2026\/04\/competencia-em-informacao-das-pessoas-bibliotecarias-risc\/","title":{"rendered":"Compet\u00eancia em informa\u00e7\u00e3o das pessoas bibliotec\u00e1rias \/ RISC"},"content":{"rendered":"\n<p><strong>Compet\u00eancia em informa\u00e7\u00e3o das pessoas bibliotec\u00e1rias \/ RISC<\/strong><\/p>\n\n\n\n<p>O trabalho ressalta o impacto positivo das forma\u00e7\u00f5es nas pr\u00e1ticas bibliotec\u00e1rias da UFSCar e a cria\u00e7\u00e3o de materiais que est\u00e3o dispon\u00edveis em acesso aberto a todas as pessoas. O Programa \u00e9 apontado como modelo para outras institui\u00e7\u00f5es, refor\u00e7ando a import\u00e2ncia da capacita\u00e7\u00e3o cont\u00ednua para enfrentar os desafios da era digital, garantindo que as bibliotecas se mantenham relevantes e alinhadas \u00e0s novas demandas da comunidade usu\u00e1ria.<\/p>\n\n\n\n<p>#CoInfo #Bibliotec\u00e1rios #Forma\u00e7\u00e3oProfissional #UFSCar<\/p>\n\n\n\n<p>Dispon\u00edvel em: <a href=\"https:\/\/periodicos.ufrn.br\/informacao\/article\/view\/42022\">https:\/\/periodicos.ufrn.br\/informacao\/article\/view\/42022<\/a><\/p>\n\n\n\n<figure class=\"wp-block-image size-large\"><img data-recalc-dims=\"1\" decoding=\"async\" width=\"414\" height=\"600\" src=\"https:\/\/i0.wp.com\/www.pedroandretta.info\/index\/wp-content\/uploads\/2026\/04\/image-117.png?resize=414%2C600&#038;ssl=1\" alt=\"\" class=\"wp-image-37920\" srcset=\"https:\/\/i0.wp.com\/www.pedroandretta.info\/index\/wp-content\/uploads\/2026\/04\/image-117.png?resize=414%2C600&amp;ssl=1 414w, https:\/\/i0.wp.com\/www.pedroandretta.info\/index\/wp-content\/uploads\/2026\/04\/image-117.png?resize=207%2C300&amp;ssl=1 207w, https:\/\/i0.wp.com\/www.pedroandretta.info\/index\/wp-content\/uploads\/2026\/04\/image-117.png?w=555&amp;ssl=1 555w\" sizes=\"(max-width: 414px) 100vw, 414px\" \/><\/figure>\n","protected":false},"excerpt":{"rendered":"<p>Compet\u00eancia em informa\u00e7\u00e3o das pessoas bibliotec\u00e1rias \/ RISC O trabalho ressalta o impacto positivo das forma\u00e7\u00f5es nas pr\u00e1ticas bibliotec\u00e1rias da UFSCar e a cria\u00e7\u00e3o de materiais que est\u00e3o dispon\u00edveis em acesso aberto a todas as pessoas. O Programa \u00e9 apontado como modelo para outras institui\u00e7\u00f5es, refor\u00e7ando a import\u00e2ncia da capacita\u00e7\u00e3o cont\u00ednua para enfrentar os desafios<\/p><\/div>\n<div class=\"blog-btn\"><a href=\"https:\/\/www.pedroandretta.info\/index\/2026\/04\/competencia-em-informacao-das-pessoas-bibliotecarias-risc\/\" class=\"home-blog-btn\">Ler mais<\/a><\/p>\n","protected":false},"author":1,"featured_media":0,"comment_status":"open","ping_status":"open","sticky":false,"template":"","format":"standard","meta":{"_jetpack_memberships_contains_paid_content":false,"footnotes":"","jetpack_publicize_message":"","jetpack_publicize_feature_enabled":true,"jetpack_social_post_already_shared":true,"jetpack_social_options":{"image_generator_settings":{"template":"highway","default_image_id":0,"font":"","enabled":false},"version":2}},"categories":[21],"tags":[22,46,1725,989],"class_list":["post-37919","post","type-post","status-publish","format-standard","hentry","category-informeci","tag-bibliotecarios","tag-coinfo","tag-formacaoprofissional","tag-ufscar"],"jetpack_publicize_connections":[],"jetpack_featured_media_url":"","views":"","jetpack_sharing_enabled":true,"_links":{"self":[{"href":"https:\/\/www.pedroandretta.info\/index\/wp-json\/wp\/v2\/posts\/37919","targetHints":{"allow":["GET"]}}],"collection":[{"href":"https:\/\/www.pedroandretta.info\/index\/wp-json\/wp\/v2\/posts"}],"about":[{"href":"https:\/\/www.pedroandretta.info\/index\/wp-json\/wp\/v2\/types\/post"}],"author":[{"embeddable":true,"href":"https:\/\/www.pedroandretta.info\/index\/wp-json\/wp\/v2\/users\/1"}],"replies":[{"embeddable":true,"href":"https:\/\/www.pedroandretta.info\/index\/wp-json\/wp\/v2\/comments?post=37919"}],"version-history":[{"count":1,"href":"https:\/\/www.pedroandretta.info\/index\/wp-json\/wp\/v2\/posts\/37919\/revisions"}],"predecessor-version":[{"id":37921,"href":"https:\/\/www.pedroandretta.info\/index\/wp-json\/wp\/v2\/posts\/37919\/revisions\/37921"}],"wp:attachment":[{"href":"https:\/\/www.pedroandretta.info\/index\/wp-json\/wp\/v2\/media?parent=37919"}],"wp:term":[{"taxonomy":"category","embeddable":true,"href":"https:\/\/www.pedroandretta.info\/index\/wp-json\/wp\/v2\/categories?post=37919"},{"taxonomy":"post_tag","embeddable":true,"href":"https:\/\/www.pedroandretta.info\/index\/wp-json\/wp\/v2\/tags?post=37919"}],"curies":[{"name":"wp","href":"https:\/\/api.w.org\/{rel}","templated":true}]}}