{"id":37925,"date":"2026-04-27T01:50:33","date_gmt":"2026-04-27T05:50:33","guid":{"rendered":"https:\/\/www.pedroandretta.info\/index\/?p=37925"},"modified":"2026-04-27T01:50:36","modified_gmt":"2026-04-27T05:50:36","slug":"google-tera-que-prestar-contas-ao-jornalismo-no-brasil-por-uso-de-ia-nucleo","status":"publish","type":"post","link":"https:\/\/www.pedroandretta.info\/index\/2026\/04\/google-tera-que-prestar-contas-ao-jornalismo-no-brasil-por-uso-de-ia-nucleo\/","title":{"rendered":"Google ter\u00e1 que prestar contas ao jornalismo no Brasil por uso de IA \/ N\u00facleo"},"content":{"rendered":"\n<p><strong>Google ter\u00e1 que prestar contas ao jornalismo no Brasil por uso de IA \/ N\u00facleo<\/strong><\/p>\n\n\n\n<p>Em uma decis\u00e3o sem precedentes para uma Big Tech no Brasil, o Google vai ter que prestar esclarecimentos em rela\u00e7\u00e3o a pr\u00e1ticas econ\u00f4micas que potencialmente prejudicam o jornalismo no pa\u00eds.<\/p>\n\n\n\n<p>Nesta quinta-feira (23.abr.2026), o Conselho Administrativo de Defesa Econ\u00f4mica (CADE), principal regulador de concorr\u00eancia do Brasil, aprovou por unanimidade a abertura de um processo administrativo sobre a empresa de buscas online, com a finalidade de descobrir os impactos de seus resumos gerados por intelig\u00eancia artificial, os chamados AI Overviews, em ve\u00edculos jornal\u00edsticos brasileiros.<\/p>\n\n\n\n<p>#Jornalismo #Google<\/p>\n\n\n\n<p>via N\u00facleo<\/p>\n\n\n\n<p>Dispon\u00edvel em: <a href=\"https:\/\/nucleo.jor.br\/raiox\/2026-04-23-google-tera-que-prestar-contas-ao-jornalismo-no-brasil-por-uso-de-ia\/\">https:\/\/nucleo.jor.br\/raiox\/2026-04-23-google-tera-que-prestar-contas-ao-jornalismo-no-brasil-por-uso-de-ia\/<\/a><\/p>\n","protected":false},"excerpt":{"rendered":"<p>Google ter\u00e1 que prestar contas ao jornalismo no Brasil por uso de IA \/ N\u00facleo Em uma decis\u00e3o sem precedentes para uma Big Tech no Brasil, o Google vai ter que prestar esclarecimentos em rela\u00e7\u00e3o a pr\u00e1ticas econ\u00f4micas que potencialmente prejudicam o jornalismo no pa\u00eds. Nesta quinta-feira (23.abr.2026), o Conselho Administrativo de Defesa Econ\u00f4mica (CADE),<\/p><\/div>\n<div class=\"blog-btn\"><a href=\"https:\/\/www.pedroandretta.info\/index\/2026\/04\/google-tera-que-prestar-contas-ao-jornalismo-no-brasil-por-uso-de-ia-nucleo\/\" class=\"home-blog-btn\">Ler mais<\/a><\/p>\n","protected":false},"author":1,"featured_media":0,"comment_status":"open","ping_status":"open","sticky":false,"template":"","format":"standard","meta":{"_jetpack_memberships_contains_paid_content":false,"footnotes":"","jetpack_publicize_message":"","jetpack_publicize_feature_enabled":true,"jetpack_social_post_already_shared":true,"jetpack_social_options":{"image_generator_settings":{"template":"highway","default_image_id":0,"font":"","enabled":false},"version":2}},"categories":[21],"tags":[42,723],"class_list":["post-37925","post","type-post","status-publish","format-standard","hentry","category-informeci","tag-google","tag-jornalismo"],"jetpack_publicize_connections":[],"jetpack_featured_media_url":"","views":"","jetpack_sharing_enabled":true,"_links":{"self":[{"href":"https:\/\/www.pedroandretta.info\/index\/wp-json\/wp\/v2\/posts\/37925","targetHints":{"allow":["GET"]}}],"collection":[{"href":"https:\/\/www.pedroandretta.info\/index\/wp-json\/wp\/v2\/posts"}],"about":[{"href":"https:\/\/www.pedroandretta.info\/index\/wp-json\/wp\/v2\/types\/post"}],"author":[{"embeddable":true,"href":"https:\/\/www.pedroandretta.info\/index\/wp-json\/wp\/v2\/users\/1"}],"replies":[{"embeddable":true,"href":"https:\/\/www.pedroandretta.info\/index\/wp-json\/wp\/v2\/comments?post=37925"}],"version-history":[{"count":1,"href":"https:\/\/www.pedroandretta.info\/index\/wp-json\/wp\/v2\/posts\/37925\/revisions"}],"predecessor-version":[{"id":37926,"href":"https:\/\/www.pedroandretta.info\/index\/wp-json\/wp\/v2\/posts\/37925\/revisions\/37926"}],"wp:attachment":[{"href":"https:\/\/www.pedroandretta.info\/index\/wp-json\/wp\/v2\/media?parent=37925"}],"wp:term":[{"taxonomy":"category","embeddable":true,"href":"https:\/\/www.pedroandretta.info\/index\/wp-json\/wp\/v2\/categories?post=37925"},{"taxonomy":"post_tag","embeddable":true,"href":"https:\/\/www.pedroandretta.info\/index\/wp-json\/wp\/v2\/tags?post=37925"}],"curies":[{"name":"wp","href":"https:\/\/api.w.org\/{rel}","templated":true}]}}