{"id":37930,"date":"2026-04-27T01:57:01","date_gmt":"2026-04-27T05:57:01","guid":{"rendered":"https:\/\/www.pedroandretta.info\/index\/?p=37930"},"modified":"2026-04-27T01:57:03","modified_gmt":"2026-04-27T05:57:03","slug":"a-ia-generativa-nao-e-uma-calculadora-de-palavras-5-razoes-pelas-quais-essa-ideia-e-enganosa-the-conversation","status":"publish","type":"post","link":"https:\/\/www.pedroandretta.info\/index\/2026\/04\/a-ia-generativa-nao-e-uma-calculadora-de-palavras-5-razoes-pelas-quais-essa-ideia-e-enganosa-the-conversation\/","title":{"rendered":"A IA generativa n\u00e3o \u00e9 uma &#8220;calculadora de palavras&#8221;. 5 raz\u00f5es pelas quais essa ideia \u00e9 enganosa \/ The Conversation"},"content":{"rendered":"\n<p><strong>A IA generativa n\u00e3o \u00e9 uma &#8220;calculadora de palavras&#8221;. 5 raz\u00f5es pelas quais essa ideia \u00e9 enganosa \/ The Conversation<\/strong><\/p>\n\n\n\n<p>1. Calculadoras n\u00e3o provocam alucina\u00e7\u00f5es nem persuadem.<br>2. Calculadoras n\u00e3o apresentam dilemas \u00e9ticos fundamentais.<br>3. Calculadoras n\u00e3o minam a autonomia.<br>4. Calculadoras n\u00e3o possuem vi\u00e9s social e lingu\u00edstico.<br>5. Calculadoras n\u00e3o s\u00e3o &#8220;m\u00e1quinas que fazem tudo&#8221;.<\/p>\n\n\n\n<p>#IA #Media\u00e7\u00e3oAlgor\u00edtmica<\/p>\n\n\n\n<p>via The Conversation<\/p>\n\n\n\n<p>Dispon\u00edvel em: <a href=\"https:\/\/theconversation.com\/generative-ai-is-not-a-calculator-for-words-5-reasons-why-this-idea-is-misleading-263323\">https:\/\/theconversation.com\/generative-ai-is-not-a-calculator-for-words-5-reasons-why-this-idea-is-misleading-263323<\/a><\/p>\n\n\n\n<figure class=\"wp-block-image size-large\"><img data-recalc-dims=\"1\" decoding=\"async\" width=\"470\" height=\"600\" src=\"https:\/\/i0.wp.com\/www.pedroandretta.info\/index\/wp-content\/uploads\/2026\/04\/image-119.png?resize=470%2C600&#038;ssl=1\" alt=\"\" class=\"wp-image-37931\" srcset=\"https:\/\/i0.wp.com\/www.pedroandretta.info\/index\/wp-content\/uploads\/2026\/04\/image-119.png?resize=470%2C600&amp;ssl=1 470w, https:\/\/i0.wp.com\/www.pedroandretta.info\/index\/wp-content\/uploads\/2026\/04\/image-119.png?resize=235%2C300&amp;ssl=1 235w, https:\/\/i0.wp.com\/www.pedroandretta.info\/index\/wp-content\/uploads\/2026\/04\/image-119.png?w=507&amp;ssl=1 507w\" sizes=\"(max-width: 470px) 100vw, 470px\" \/><\/figure>\n","protected":false},"excerpt":{"rendered":"<p>A IA generativa n\u00e3o \u00e9 uma &#8220;calculadora de palavras&#8221;. 5 raz\u00f5es pelas quais essa ideia \u00e9 enganosa \/ The Conversation 1. Calculadoras n\u00e3o provocam alucina\u00e7\u00f5es nem persuadem.2. Calculadoras n\u00e3o apresentam dilemas \u00e9ticos fundamentais.3. Calculadoras n\u00e3o minam a autonomia.4. Calculadoras n\u00e3o possuem vi\u00e9s social e lingu\u00edstico.5. Calculadoras n\u00e3o s\u00e3o &#8220;m\u00e1quinas que fazem tudo&#8221;. #IA #Media\u00e7\u00e3oAlgor\u00edtmica via<\/p><\/div>\n<div class=\"blog-btn\"><a href=\"https:\/\/www.pedroandretta.info\/index\/2026\/04\/a-ia-generativa-nao-e-uma-calculadora-de-palavras-5-razoes-pelas-quais-essa-ideia-e-enganosa-the-conversation\/\" class=\"home-blog-btn\">Ler mais<\/a><\/p>\n","protected":false},"author":1,"featured_media":0,"comment_status":"open","ping_status":"open","sticky":false,"template":"","format":"standard","meta":{"_jetpack_memberships_contains_paid_content":false,"footnotes":"","jetpack_publicize_message":"","jetpack_publicize_feature_enabled":true,"jetpack_social_post_already_shared":true,"jetpack_social_options":{"image_generator_settings":{"template":"highway","default_image_id":0,"font":"","enabled":false},"version":2}},"categories":[21],"tags":[1994,3228],"class_list":["post-37930","post","type-post","status-publish","format-standard","hentry","category-informeci","tag-inteligenciaartificial","tag-mediacaoalgoritmica"],"jetpack_publicize_connections":[],"jetpack_featured_media_url":"","views":"","jetpack_sharing_enabled":true,"_links":{"self":[{"href":"https:\/\/www.pedroandretta.info\/index\/wp-json\/wp\/v2\/posts\/37930","targetHints":{"allow":["GET"]}}],"collection":[{"href":"https:\/\/www.pedroandretta.info\/index\/wp-json\/wp\/v2\/posts"}],"about":[{"href":"https:\/\/www.pedroandretta.info\/index\/wp-json\/wp\/v2\/types\/post"}],"author":[{"embeddable":true,"href":"https:\/\/www.pedroandretta.info\/index\/wp-json\/wp\/v2\/users\/1"}],"replies":[{"embeddable":true,"href":"https:\/\/www.pedroandretta.info\/index\/wp-json\/wp\/v2\/comments?post=37930"}],"version-history":[{"count":1,"href":"https:\/\/www.pedroandretta.info\/index\/wp-json\/wp\/v2\/posts\/37930\/revisions"}],"predecessor-version":[{"id":37932,"href":"https:\/\/www.pedroandretta.info\/index\/wp-json\/wp\/v2\/posts\/37930\/revisions\/37932"}],"wp:attachment":[{"href":"https:\/\/www.pedroandretta.info\/index\/wp-json\/wp\/v2\/media?parent=37930"}],"wp:term":[{"taxonomy":"category","embeddable":true,"href":"https:\/\/www.pedroandretta.info\/index\/wp-json\/wp\/v2\/categories?post=37930"},{"taxonomy":"post_tag","embeddable":true,"href":"https:\/\/www.pedroandretta.info\/index\/wp-json\/wp\/v2\/tags?post=37930"}],"curies":[{"name":"wp","href":"https:\/\/api.w.org\/{rel}","templated":true}]}}