{"id":37935,"date":"2026-04-27T02:00:49","date_gmt":"2026-04-27T06:00:49","guid":{"rendered":"https:\/\/www.pedroandretta.info\/index\/?p=37935"},"modified":"2026-04-27T02:00:51","modified_gmt":"2026-04-27T06:00:51","slug":"gestao-do-conhecimento-indigena-e-a-proposicao-de-um-modelo-conceitual-para-o-contexto-amazonico-entrevista-com-diego-leonardo-divulga-ci","status":"publish","type":"post","link":"https:\/\/www.pedroandretta.info\/index\/2026\/04\/gestao-do-conhecimento-indigena-e-a-proposicao-de-um-modelo-conceitual-para-o-contexto-amazonico-entrevista-com-diego-leonardo-divulga-ci\/","title":{"rendered":"Gest\u00e3o do conhecimento ind\u00edgena e a proposi\u00e7\u00e3o de um modelo conceitual para o contexto amaz\u00f4nico \u2013 Entrevista com Diego Leonardo \/ Divulga-CI"},"content":{"rendered":"\n<p><strong>Gest\u00e3o do conhecimento ind\u00edgena e a proposi\u00e7\u00e3o de um modelo conceitual para o contexto amaz\u00f4nico \u2013 Entrevista com Diego Leonardo \/ Divulga-CI<\/strong><\/p>\n\n\n\n<p>Confira nossa entrevista com o bibliotec\u00e1rio e pesquisador Diego Leonardo de Souza Fonseca, doutor em Ci\u00eancia da Informa\u00e7\u00e3o pela Universidade Estadual de Londrina. Em sua tese, Diego prop\u00f4s um modelo conceitual de gest\u00e3o do conhecimento ind\u00edgena no contexto amaz\u00f4nico, constru\u00eddo de forma coletiva com comunidades ind\u00edgenas. Na entrevista, conhe\u00e7a mais sobre o processo de desenvolvimento da tese, os desafios da pesquisa e recomenda\u00e7\u00f5es do pesquisador.<\/p>\n\n\n\n<p>#Gest\u00e3oDoConhecimento #PovosInd\u00edgenas<\/p>\n\n\n\n<p>via Divulga-CI<\/p>\n\n\n\n<p>Dispon\u00edvel  em: <a href=\"https:\/\/www.divulgaci.labci.online\/v-4-n-04-abr-2026\/gestao-do-conhecimento-indigena-e-a-proposicao-de-um-modelo-conceitual-para-o-contexto-amazonico-entrevista-com-diego-leonardo\/\">https:\/\/www.divulgaci.labci.online\/v-4-n-04-abr-2026\/gestao-do-conhecimento-indigena-e-a-proposicao-de-um-modelo-conceitual-para-o-contexto-amazonico-entrevista-com-diego-leonardo\/<\/a><\/p>\n\n\n\n<figure class=\"wp-block-image size-large\"><img data-recalc-dims=\"1\" decoding=\"async\" width=\"417\" height=\"600\" src=\"https:\/\/i0.wp.com\/www.pedroandretta.info\/index\/wp-content\/uploads\/2026\/04\/image-120.png?resize=417%2C600&#038;ssl=1\" alt=\"\" class=\"wp-image-37936\" srcset=\"https:\/\/i0.wp.com\/www.pedroandretta.info\/index\/wp-content\/uploads\/2026\/04\/image-120.png?resize=417%2C600&amp;ssl=1 417w, https:\/\/i0.wp.com\/www.pedroandretta.info\/index\/wp-content\/uploads\/2026\/04\/image-120.png?resize=209%2C300&amp;ssl=1 209w, https:\/\/i0.wp.com\/www.pedroandretta.info\/index\/wp-content\/uploads\/2026\/04\/image-120.png?w=600&amp;ssl=1 600w\" sizes=\"(max-width: 417px) 100vw, 417px\" \/><\/figure>\n","protected":false},"excerpt":{"rendered":"<p>Gest\u00e3o do conhecimento ind\u00edgena e a proposi\u00e7\u00e3o de um modelo conceitual para o contexto amaz\u00f4nico \u2013 Entrevista com Diego Leonardo \/ Divulga-CI Confira nossa entrevista com o bibliotec\u00e1rio e pesquisador Diego Leonardo de Souza Fonseca, doutor em Ci\u00eancia da Informa\u00e7\u00e3o pela Universidade Estadual de Londrina. Em sua tese, Diego prop\u00f4s um modelo conceitual de gest\u00e3o<\/p><\/div>\n<div class=\"blog-btn\"><a href=\"https:\/\/www.pedroandretta.info\/index\/2026\/04\/gestao-do-conhecimento-indigena-e-a-proposicao-de-um-modelo-conceitual-para-o-contexto-amazonico-entrevista-com-diego-leonardo-divulga-ci\/\" class=\"home-blog-btn\">Ler mais<\/a><\/p>\n","protected":false},"author":1,"featured_media":0,"comment_status":"open","ping_status":"open","sticky":false,"template":"","format":"standard","meta":{"_jetpack_memberships_contains_paid_content":false,"footnotes":"","jetpack_publicize_message":"","jetpack_publicize_feature_enabled":true,"jetpack_social_post_already_shared":true,"jetpack_social_options":{"image_generator_settings":{"template":"highway","default_image_id":0,"font":"","enabled":false},"version":2}},"categories":[21],"tags":[609,2700],"class_list":["post-37935","post","type-post","status-publish","format-standard","hentry","category-informeci","tag-gestaodoconhecimento","tag-povosindigenas"],"jetpack_publicize_connections":[],"jetpack_featured_media_url":"","views":"","jetpack_sharing_enabled":true,"_links":{"self":[{"href":"https:\/\/www.pedroandretta.info\/index\/wp-json\/wp\/v2\/posts\/37935","targetHints":{"allow":["GET"]}}],"collection":[{"href":"https:\/\/www.pedroandretta.info\/index\/wp-json\/wp\/v2\/posts"}],"about":[{"href":"https:\/\/www.pedroandretta.info\/index\/wp-json\/wp\/v2\/types\/post"}],"author":[{"embeddable":true,"href":"https:\/\/www.pedroandretta.info\/index\/wp-json\/wp\/v2\/users\/1"}],"replies":[{"embeddable":true,"href":"https:\/\/www.pedroandretta.info\/index\/wp-json\/wp\/v2\/comments?post=37935"}],"version-history":[{"count":1,"href":"https:\/\/www.pedroandretta.info\/index\/wp-json\/wp\/v2\/posts\/37935\/revisions"}],"predecessor-version":[{"id":37937,"href":"https:\/\/www.pedroandretta.info\/index\/wp-json\/wp\/v2\/posts\/37935\/revisions\/37937"}],"wp:attachment":[{"href":"https:\/\/www.pedroandretta.info\/index\/wp-json\/wp\/v2\/media?parent=37935"}],"wp:term":[{"taxonomy":"category","embeddable":true,"href":"https:\/\/www.pedroandretta.info\/index\/wp-json\/wp\/v2\/categories?post=37935"},{"taxonomy":"post_tag","embeddable":true,"href":"https:\/\/www.pedroandretta.info\/index\/wp-json\/wp\/v2\/tags?post=37935"}],"curies":[{"name":"wp","href":"https:\/\/api.w.org\/{rel}","templated":true}]}}