{"id":37938,"date":"2026-04-27T02:04:45","date_gmt":"2026-04-27T06:04:45","guid":{"rendered":"https:\/\/www.pedroandretta.info\/index\/?p=37938"},"modified":"2026-04-27T02:04:47","modified_gmt":"2026-04-27T06:04:47","slug":"organizacao-do-conhecimento-genero-e-colonialidade-na-versao-em-espanhol-da-vigesimosegunda-edicao-da-classificacao-decimal-dewey-investigacion-bibliotecologica","status":"publish","type":"post","link":"https:\/\/www.pedroandretta.info\/index\/2026\/04\/organizacao-do-conhecimento-genero-e-colonialidade-na-versao-em-espanhol-da-vigesimosegunda-edicao-da-classificacao-decimal-dewey-investigacion-bibliotecologica\/","title":{"rendered":"Organiza\u00e7\u00e3o do conhecimento, g\u00eanero e colonialidade na vers\u00e3o em espanhol da vigesimosegunda edi\u00e7\u00e3o da Classifica\u00e7\u00e3o Decimal Dewey \/ Investigaci\u00f3n Bibliotecol\u00f3gica"},"content":{"rendered":"\n<p><strong>Organiza\u00e7\u00e3o do conhecimento, g\u00eanero e colonialidade na vers\u00e3o em espanhol da vigesimosegunda edi\u00e7\u00e3o da Classifica\u00e7\u00e3o Decimal Dewey (CDD22): um estudo cr\u00edtico interseccional \/ Investigaci\u00f3n Bibliotecol\u00f3gica<\/strong><\/p>\n\n\n\n<p>A an\u00e1lise identifica quatro padr\u00f5es estruturais na representa\u00e7\u00e3o de categorias relacionadas a g\u00eanero e dissid\u00eancia de g\u00eanero e sexual: invisibilidade conceitual, patologiza\u00e7\u00e3o, fragmenta\u00e7\u00e3o tem\u00e1tica e subordina\u00e7\u00e3o hier\u00e1rquica. Esses padr\u00f5es revelam din\u00e2micas de injusti\u00e7a epist\u00eamica que restringem a inteligibilidade e a autonomia classificat\u00f3ria de certas experi\u00eancias sociais, especialmente em campos como sa\u00fade, viol\u00eancia e ci\u00eancias sociais. A partir de uma perspectiva interseccional situada, o estudo insere essas descobertas no \u00e2mbito das epistemologias feministas latino-americanas, ressaltando a necessidade de uma revis\u00e3o cr\u00edtica dos sistemas de organiza\u00e7\u00e3o do conhecimento para avan\u00e7ar em dire\u00e7\u00e3o a formas mais inclusivas e socialmente respons\u00e1veis \u200b\u200bde representa\u00e7\u00e3o documental.<\/p>\n\n\n\n<p>#Organiza\u00e7\u00e3oDoConhecimento #G\u00eanero #Interseccionalidade #CDD<\/p>\n\n\n\n<p>Dispon\u00edvel em: <a href=\"https:\/\/rev-ib.unam.mx\/index.php\/ib\/article\/view\/59114\">https:\/\/rev-ib.unam.mx\/index.php\/ib\/article\/view\/59114<\/a><\/p>\n\n\n\n<figure class=\"wp-block-image size-large\"><img data-recalc-dims=\"1\" decoding=\"async\" width=\"378\" height=\"600\" src=\"https:\/\/i0.wp.com\/www.pedroandretta.info\/index\/wp-content\/uploads\/2026\/04\/image-121.png?resize=378%2C600&#038;ssl=1\" alt=\"\" class=\"wp-image-37939\" srcset=\"https:\/\/i0.wp.com\/www.pedroandretta.info\/index\/wp-content\/uploads\/2026\/04\/image-121.png?resize=378%2C600&amp;ssl=1 378w, https:\/\/i0.wp.com\/www.pedroandretta.info\/index\/wp-content\/uploads\/2026\/04\/image-121.png?resize=189%2C300&amp;ssl=1 189w, https:\/\/i0.wp.com\/www.pedroandretta.info\/index\/wp-content\/uploads\/2026\/04\/image-121.png?w=422&amp;ssl=1 422w\" sizes=\"(max-width: 378px) 100vw, 378px\" \/><\/figure>\n","protected":false},"excerpt":{"rendered":"<p>Organiza\u00e7\u00e3o do conhecimento, g\u00eanero e colonialidade na vers\u00e3o em espanhol da vigesimosegunda edi\u00e7\u00e3o da Classifica\u00e7\u00e3o Decimal Dewey (CDD22): um estudo cr\u00edtico interseccional \/ Investigaci\u00f3n Bibliotecol\u00f3gica A an\u00e1lise identifica quatro padr\u00f5es estruturais na representa\u00e7\u00e3o de categorias relacionadas a g\u00eanero e dissid\u00eancia de g\u00eanero e sexual: invisibilidade conceitual, patologiza\u00e7\u00e3o, fragmenta\u00e7\u00e3o tem\u00e1tica e subordina\u00e7\u00e3o hier\u00e1rquica. Esses padr\u00f5es revelam<\/p><\/div>\n<div class=\"blog-btn\"><a href=\"https:\/\/www.pedroandretta.info\/index\/2026\/04\/organizacao-do-conhecimento-genero-e-colonialidade-na-versao-em-espanhol-da-vigesimosegunda-edicao-da-classificacao-decimal-dewey-investigacion-bibliotecologica\/\" class=\"home-blog-btn\">Ler mais<\/a><\/p>\n","protected":false},"author":1,"featured_media":0,"comment_status":"open","ping_status":"open","sticky":false,"template":"","format":"standard","meta":{"_jetpack_memberships_contains_paid_content":false,"footnotes":"","jetpack_publicize_message":"","jetpack_publicize_feature_enabled":true,"jetpack_social_post_already_shared":true,"jetpack_social_options":{"image_generator_settings":{"template":"highway","default_image_id":0,"font":"","enabled":false},"version":2}},"categories":[21],"tags":[258,178,2862,704],"class_list":["post-37938","post","type-post","status-publish","format-standard","hentry","category-informeci","tag-cdd","tag-genero","tag-interseccionalidade","tag-organizacaodoconhecimento"],"jetpack_publicize_connections":[],"jetpack_featured_media_url":"","views":"","jetpack_sharing_enabled":true,"_links":{"self":[{"href":"https:\/\/www.pedroandretta.info\/index\/wp-json\/wp\/v2\/posts\/37938","targetHints":{"allow":["GET"]}}],"collection":[{"href":"https:\/\/www.pedroandretta.info\/index\/wp-json\/wp\/v2\/posts"}],"about":[{"href":"https:\/\/www.pedroandretta.info\/index\/wp-json\/wp\/v2\/types\/post"}],"author":[{"embeddable":true,"href":"https:\/\/www.pedroandretta.info\/index\/wp-json\/wp\/v2\/users\/1"}],"replies":[{"embeddable":true,"href":"https:\/\/www.pedroandretta.info\/index\/wp-json\/wp\/v2\/comments?post=37938"}],"version-history":[{"count":1,"href":"https:\/\/www.pedroandretta.info\/index\/wp-json\/wp\/v2\/posts\/37938\/revisions"}],"predecessor-version":[{"id":37940,"href":"https:\/\/www.pedroandretta.info\/index\/wp-json\/wp\/v2\/posts\/37938\/revisions\/37940"}],"wp:attachment":[{"href":"https:\/\/www.pedroandretta.info\/index\/wp-json\/wp\/v2\/media?parent=37938"}],"wp:term":[{"taxonomy":"category","embeddable":true,"href":"https:\/\/www.pedroandretta.info\/index\/wp-json\/wp\/v2\/categories?post=37938"},{"taxonomy":"post_tag","embeddable":true,"href":"https:\/\/www.pedroandretta.info\/index\/wp-json\/wp\/v2\/tags?post=37938"}],"curies":[{"name":"wp","href":"https:\/\/api.w.org\/{rel}","templated":true}]}}