{"id":37950,"date":"2026-04-28T12:45:41","date_gmt":"2026-04-28T16:45:41","guid":{"rendered":"https:\/\/www.pedroandretta.info\/index\/?p=37950"},"modified":"2026-04-28T12:45:43","modified_gmt":"2026-04-28T16:45:43","slug":"politica-de-preservacao-digital-da-biblioteca-mario-de-andrade-bma-sinesp","status":"publish","type":"post","link":"https:\/\/www.pedroandretta.info\/index\/2026\/04\/politica-de-preservacao-digital-da-biblioteca-mario-de-andrade-bma-sinesp\/","title":{"rendered":"Pol\u00edtica de preserva\u00e7\u00e3o digital da biblioteca M\u00e1rio de Andrade (BMA) \/ SINESP"},"content":{"rendered":"\n<p><strong>Pol\u00edtica de preserva\u00e7\u00e3o digital da biblioteca M\u00e1rio de Andrade (BMA) \/ SINESP<\/strong><\/p>\n\n\n\n<p>Art. 1\u00ba Fica institu\u00edda a Pol\u00edtica de Preserva\u00e7\u00e3o Digital da Biblioteca M\u00e1rio de Andrade (BMA), na forma do Anexo \u00danico desta Portaria, aprovada pelo Grupo de Trabalho institu\u00eddo pela Portaria n\u00ba 01\/2026 &#8211; SMC\/BMA\/ACERVO.<\/p>\n\n\n\n<p>Par\u00e1grafo \u00fanico. A Pol\u00edtica institu\u00edda por esta Portaria estabelece os fundamentos, objetivos e diretrizes que orientar\u00e3o as a\u00e7\u00f5es da BMA voltadas \u00e0 preserva\u00e7\u00e3o de seus objetos digitais, em conson\u00e2ncia com suas compet\u00eancias institucionais, com os programas de gest\u00e3o arquiv\u00edstica de documentos e com as pol\u00edticas internas vigentes, subsidiando a elabora\u00e7\u00e3o de planos, procedimentos e estrat\u00e9gias voltados \u00e0 garantia da autenticidade, integridade, fidedignidade, preserva\u00e7\u00e3o e acesso de longo prazo aos objetos digitais sob sua responsabilidade.<\/p>\n\n\n\n<p>#Preserva\u00e7\u00e3oDigital<\/p>\n\n\n\n<p>via SINESP<\/p>\n\n\n\n<p>Dispon\u00edvel em: <a href=\"https:\/\/www.sinesp.org.br\/legislacao\/saiu-no-doc-legislacao\/24010-portaria-n-14-2026-bma-smc-institui-a-politica-de-preservacao-digital-da-biblioteca-mario-de-andrade-bma-e-da-outras-providencias-24-04-2026\">https:\/\/www.sinesp.org.br\/legislacao\/saiu-no-doc-legislacao\/24010-portaria-n-14-2026-bma-smc-institui-a-politica-de-preservacao-digital-da-biblioteca-mario-de-andrade-bma-e-da-outras-providencias-24-04-2026<\/a><\/p>\n","protected":false},"excerpt":{"rendered":"<p>Pol\u00edtica de preserva\u00e7\u00e3o digital da biblioteca M\u00e1rio de Andrade (BMA) \/ SINESP Art. 1\u00ba Fica institu\u00edda a Pol\u00edtica de Preserva\u00e7\u00e3o Digital da Biblioteca M\u00e1rio de Andrade (BMA), na forma do Anexo \u00danico desta Portaria, aprovada pelo Grupo de Trabalho institu\u00eddo pela Portaria n\u00ba 01\/2026 &#8211; SMC\/BMA\/ACERVO. Par\u00e1grafo \u00fanico. A Pol\u00edtica institu\u00edda por esta Portaria estabelece<\/p><\/div>\n<div class=\"blog-btn\"><a href=\"https:\/\/www.pedroandretta.info\/index\/2026\/04\/politica-de-preservacao-digital-da-biblioteca-mario-de-andrade-bma-sinesp\/\" class=\"home-blog-btn\">Ler mais<\/a><\/p>\n","protected":false},"author":1,"featured_media":0,"comment_status":"open","ping_status":"open","sticky":false,"template":"","format":"standard","meta":{"_jetpack_memberships_contains_paid_content":false,"footnotes":"","jetpack_publicize_message":"","jetpack_publicize_feature_enabled":true,"jetpack_social_post_already_shared":true,"jetpack_social_options":{"image_generator_settings":{"template":"highway","default_image_id":0,"font":"","enabled":false},"version":2}},"categories":[21],"tags":[296],"class_list":["post-37950","post","type-post","status-publish","format-standard","hentry","category-informeci","tag-preservacaodigital"],"jetpack_publicize_connections":[],"jetpack_featured_media_url":"","views":"","jetpack_sharing_enabled":true,"_links":{"self":[{"href":"https:\/\/www.pedroandretta.info\/index\/wp-json\/wp\/v2\/posts\/37950","targetHints":{"allow":["GET"]}}],"collection":[{"href":"https:\/\/www.pedroandretta.info\/index\/wp-json\/wp\/v2\/posts"}],"about":[{"href":"https:\/\/www.pedroandretta.info\/index\/wp-json\/wp\/v2\/types\/post"}],"author":[{"embeddable":true,"href":"https:\/\/www.pedroandretta.info\/index\/wp-json\/wp\/v2\/users\/1"}],"replies":[{"embeddable":true,"href":"https:\/\/www.pedroandretta.info\/index\/wp-json\/wp\/v2\/comments?post=37950"}],"version-history":[{"count":1,"href":"https:\/\/www.pedroandretta.info\/index\/wp-json\/wp\/v2\/posts\/37950\/revisions"}],"predecessor-version":[{"id":37951,"href":"https:\/\/www.pedroandretta.info\/index\/wp-json\/wp\/v2\/posts\/37950\/revisions\/37951"}],"wp:attachment":[{"href":"https:\/\/www.pedroandretta.info\/index\/wp-json\/wp\/v2\/media?parent=37950"}],"wp:term":[{"taxonomy":"category","embeddable":true,"href":"https:\/\/www.pedroandretta.info\/index\/wp-json\/wp\/v2\/categories?post=37950"},{"taxonomy":"post_tag","embeddable":true,"href":"https:\/\/www.pedroandretta.info\/index\/wp-json\/wp\/v2\/tags?post=37950"}],"curies":[{"name":"wp","href":"https:\/\/api.w.org\/{rel}","templated":true}]}}