{"id":37952,"date":"2026-04-28T12:52:36","date_gmt":"2026-04-28T16:52:36","guid":{"rendered":"https:\/\/www.pedroandretta.info\/index\/?p=37952"},"modified":"2026-04-28T12:52:38","modified_gmt":"2026-04-28T16:52:38","slug":"autoria-cientifica-em-pesquisas-colaborativas-frente-a-ciencia-aberta-acb","status":"publish","type":"post","link":"https:\/\/www.pedroandretta.info\/index\/2026\/04\/autoria-cientifica-em-pesquisas-colaborativas-frente-a-ciencia-aberta-acb\/","title":{"rendered":"Autoria cient\u00edfica em pesquisas colaborativas frente \u00e0 ci\u00eancia aberta \/ ACB"},"content":{"rendered":"\n<p><strong>Autoria cient\u00edfica em pesquisas colaborativas frente \u00e0 ci\u00eancia aberta \/ ACB<\/strong><\/p>\n\n\n\n<p>Embora se perceba que a determina\u00e7\u00e3o de autoria \u00e9 uma \u00e1rea de disputas por capital cient\u00edfico, simb\u00f3lico e at\u00e9 cultural, se considerar a participa\u00e7\u00e3o de n\u00e3o cientistas (Bourdieu, 2004), a preposi\u00e7\u00e3o da autoria coletiva n\u00e3o pode ser um evento com crit\u00e9rios r\u00edgidos \u00e0 medida que se entende que est\u00e1 inserida em um contexto din\u00e2mico, principalmente observando o uso de dados. Por isso, a flexibiliza\u00e7\u00e3o da identifica\u00e7\u00e3o autoral, seja por meio de descri\u00e7\u00e3o das contribui\u00e7\u00f5es individuais, seja pela ado\u00e7\u00e3o de um nome coletivo, para uma conduta mais assertiva e condizente com as a\u00e7\u00f5es da ci\u00eancia aberta.<\/p>\n\n\n\n<p>#Autoria #Ci\u00eanciaAberta<\/p>\n\n\n\n<p>Dispon\u00edvel em: <a href=\"https:\/\/revista.acbsc.org.br\/racb\/article\/view\/2261\">https:\/\/revista.acbsc.org.br\/racb\/article\/view\/2261<\/a><\/p>\n\n\n\n<figure class=\"wp-block-image size-large\"><img data-recalc-dims=\"1\" decoding=\"async\" width=\"397\" height=\"600\" src=\"https:\/\/i0.wp.com\/www.pedroandretta.info\/index\/wp-content\/uploads\/2026\/04\/image-124.png?resize=397%2C600&#038;ssl=1\" alt=\"\" class=\"wp-image-37953\" srcset=\"https:\/\/i0.wp.com\/www.pedroandretta.info\/index\/wp-content\/uploads\/2026\/04\/image-124.png?resize=397%2C600&amp;ssl=1 397w, https:\/\/i0.wp.com\/www.pedroandretta.info\/index\/wp-content\/uploads\/2026\/04\/image-124.png?resize=198%2C300&amp;ssl=1 198w, https:\/\/i0.wp.com\/www.pedroandretta.info\/index\/wp-content\/uploads\/2026\/04\/image-124.png?w=490&amp;ssl=1 490w\" sizes=\"(max-width: 397px) 100vw, 397px\" \/><\/figure>\n","protected":false},"excerpt":{"rendered":"<p>Autoria cient\u00edfica em pesquisas colaborativas frente \u00e0 ci\u00eancia aberta \/ ACB Embora se perceba que a determina\u00e7\u00e3o de autoria \u00e9 uma \u00e1rea de disputas por capital cient\u00edfico, simb\u00f3lico e at\u00e9 cultural, se considerar a participa\u00e7\u00e3o de n\u00e3o cientistas (Bourdieu, 2004), a preposi\u00e7\u00e3o da autoria coletiva n\u00e3o pode ser um evento com crit\u00e9rios r\u00edgidos \u00e0 medida<\/p><\/div>\n<div class=\"blog-btn\"><a href=\"https:\/\/www.pedroandretta.info\/index\/2026\/04\/autoria-cientifica-em-pesquisas-colaborativas-frente-a-ciencia-aberta-acb\/\" class=\"home-blog-btn\">Ler mais<\/a><\/p>\n","protected":false},"author":1,"featured_media":0,"comment_status":"open","ping_status":"open","sticky":false,"template":"","format":"standard","meta":{"_jetpack_memberships_contains_paid_content":false,"footnotes":"","jetpack_publicize_message":"","jetpack_publicize_feature_enabled":true,"jetpack_social_post_already_shared":true,"jetpack_social_options":{"image_generator_settings":{"template":"highway","default_image_id":0,"font":"","enabled":false},"version":2}},"categories":[21],"tags":[445,198],"class_list":["post-37952","post","type-post","status-publish","format-standard","hentry","category-informeci","tag-autoria","tag-cienciaaberta"],"jetpack_publicize_connections":[],"jetpack_featured_media_url":"","views":"","jetpack_sharing_enabled":true,"_links":{"self":[{"href":"https:\/\/www.pedroandretta.info\/index\/wp-json\/wp\/v2\/posts\/37952","targetHints":{"allow":["GET"]}}],"collection":[{"href":"https:\/\/www.pedroandretta.info\/index\/wp-json\/wp\/v2\/posts"}],"about":[{"href":"https:\/\/www.pedroandretta.info\/index\/wp-json\/wp\/v2\/types\/post"}],"author":[{"embeddable":true,"href":"https:\/\/www.pedroandretta.info\/index\/wp-json\/wp\/v2\/users\/1"}],"replies":[{"embeddable":true,"href":"https:\/\/www.pedroandretta.info\/index\/wp-json\/wp\/v2\/comments?post=37952"}],"version-history":[{"count":1,"href":"https:\/\/www.pedroandretta.info\/index\/wp-json\/wp\/v2\/posts\/37952\/revisions"}],"predecessor-version":[{"id":37954,"href":"https:\/\/www.pedroandretta.info\/index\/wp-json\/wp\/v2\/posts\/37952\/revisions\/37954"}],"wp:attachment":[{"href":"https:\/\/www.pedroandretta.info\/index\/wp-json\/wp\/v2\/media?parent=37952"}],"wp:term":[{"taxonomy":"category","embeddable":true,"href":"https:\/\/www.pedroandretta.info\/index\/wp-json\/wp\/v2\/categories?post=37952"},{"taxonomy":"post_tag","embeddable":true,"href":"https:\/\/www.pedroandretta.info\/index\/wp-json\/wp\/v2\/tags?post=37952"}],"curies":[{"name":"wp","href":"https:\/\/api.w.org\/{rel}","templated":true}]}}