{"id":37955,"date":"2026-04-28T12:56:01","date_gmt":"2026-04-28T16:56:01","guid":{"rendered":"https:\/\/www.pedroandretta.info\/index\/?p=37955"},"modified":"2026-04-28T12:56:03","modified_gmt":"2026-04-28T16:56:03","slug":"minc-repudia-descarte-de-parte-do-acervo-da-biblioteca-publica-monteiro-lobato-em-osasco-sp-minc","status":"publish","type":"post","link":"https:\/\/www.pedroandretta.info\/index\/2026\/04\/minc-repudia-descarte-de-parte-do-acervo-da-biblioteca-publica-monteiro-lobato-em-osasco-sp-minc\/","title":{"rendered":"MinC repudia descarte de parte do acervo da Biblioteca P\u00fablica Monteiro Lobato, em Osasco (SP) \/ MinC"},"content":{"rendered":"\n<p><strong>MinC repudia descarte de parte do acervo da Biblioteca P\u00fablica Monteiro Lobato, em Osasco (SP) \/ MinC<\/strong><\/p>\n\n\n\n<p>O Minist\u00e9rio da Cultura (MinC) manifesta sua preocupa\u00e7\u00e3o com o descarte de parte do acervo da Biblioteca P\u00fablica Monteiro Lobato, em Osasco (SP). O fato aconteceu na semana em que se comemorou o Dia Mundial do Livro, celebrado no dia 23 de abril, e causou indigna\u00e7\u00e3o na comunidade.<\/p>\n\n\n\n<p>Moradores, professores e escritores se manifestaram diante da elimina\u00e7\u00e3o dos livros da biblioteca, dentre os quais havia obras de autores locais e cole\u00e7\u00f5es antigas, consideradas importantes para a mem\u00f3ria cultural da cidade.<\/p>\n\n\n\n<p>#Descarte<\/p>\n\n\n\n<p>via MinC<\/p>\n\n\n\n<p>Dispon\u00edvel em: <a href=\"https:\/\/www.gov.br\/cultura\/pt-br\/centrais-de-conteudo\/sala-de-imprensa\/notas-do-ministerio-da-cultura\/minc-repudia-descarte-de-parte-do-acervo-da-biblioteca-publica-monteiro-lobato-em-osasco-sp\">https:\/\/www.gov.br\/cultura\/pt-br\/centrais-de-conteudo\/sala-de-imprensa\/notas-do-ministerio-da-cultura\/minc-repudia-descarte-de-parte-do-acervo-da-biblioteca-publica-monteiro-lobato-em-osasco-sp<\/a><\/p>\n","protected":false},"excerpt":{"rendered":"<p>MinC repudia descarte de parte do acervo da Biblioteca P\u00fablica Monteiro Lobato, em Osasco (SP) \/ MinC O Minist\u00e9rio da Cultura (MinC) manifesta sua preocupa\u00e7\u00e3o com o descarte de parte do acervo da Biblioteca P\u00fablica Monteiro Lobato, em Osasco (SP). O fato aconteceu na semana em que se comemorou o Dia Mundial do Livro, celebrado<\/p><\/div>\n<div class=\"blog-btn\"><a href=\"https:\/\/www.pedroandretta.info\/index\/2026\/04\/minc-repudia-descarte-de-parte-do-acervo-da-biblioteca-publica-monteiro-lobato-em-osasco-sp-minc\/\" class=\"home-blog-btn\">Ler mais<\/a><\/p>\n","protected":false},"author":1,"featured_media":0,"comment_status":"open","ping_status":"open","sticky":false,"template":"","format":"standard","meta":{"_jetpack_memberships_contains_paid_content":false,"footnotes":"","jetpack_publicize_message":"","jetpack_publicize_feature_enabled":true,"jetpack_social_post_already_shared":true,"jetpack_social_options":{"image_generator_settings":{"template":"highway","default_image_id":0,"font":"","enabled":false},"version":2}},"categories":[21],"tags":[1470],"class_list":["post-37955","post","type-post","status-publish","format-standard","hentry","category-informeci","tag-descarte"],"jetpack_publicize_connections":[],"jetpack_featured_media_url":"","views":"","jetpack_sharing_enabled":true,"_links":{"self":[{"href":"https:\/\/www.pedroandretta.info\/index\/wp-json\/wp\/v2\/posts\/37955","targetHints":{"allow":["GET"]}}],"collection":[{"href":"https:\/\/www.pedroandretta.info\/index\/wp-json\/wp\/v2\/posts"}],"about":[{"href":"https:\/\/www.pedroandretta.info\/index\/wp-json\/wp\/v2\/types\/post"}],"author":[{"embeddable":true,"href":"https:\/\/www.pedroandretta.info\/index\/wp-json\/wp\/v2\/users\/1"}],"replies":[{"embeddable":true,"href":"https:\/\/www.pedroandretta.info\/index\/wp-json\/wp\/v2\/comments?post=37955"}],"version-history":[{"count":1,"href":"https:\/\/www.pedroandretta.info\/index\/wp-json\/wp\/v2\/posts\/37955\/revisions"}],"predecessor-version":[{"id":37956,"href":"https:\/\/www.pedroandretta.info\/index\/wp-json\/wp\/v2\/posts\/37955\/revisions\/37956"}],"wp:attachment":[{"href":"https:\/\/www.pedroandretta.info\/index\/wp-json\/wp\/v2\/media?parent=37955"}],"wp:term":[{"taxonomy":"category","embeddable":true,"href":"https:\/\/www.pedroandretta.info\/index\/wp-json\/wp\/v2\/categories?post=37955"},{"taxonomy":"post_tag","embeddable":true,"href":"https:\/\/www.pedroandretta.info\/index\/wp-json\/wp\/v2\/tags?post=37955"}],"curies":[{"name":"wp","href":"https:\/\/api.w.org\/{rel}","templated":true}]}}