{"id":37960,"date":"2026-04-29T11:49:32","date_gmt":"2026-04-29T15:49:32","guid":{"rendered":"https:\/\/www.pedroandretta.info\/index\/?p=37960"},"modified":"2026-04-29T11:49:35","modified_gmt":"2026-04-29T15:49:35","slug":"milton-hatoum-toma-posse-na-abl-como-o-primeiro-academico-amazonense-da-historia-g1","status":"publish","type":"post","link":"https:\/\/www.pedroandretta.info\/index\/2026\/04\/milton-hatoum-toma-posse-na-abl-como-o-primeiro-academico-amazonense-da-historia-g1\/","title":{"rendered":"Milton Hatoum toma posse na ABL como o primeiro acad\u00eamico amazonense da hist\u00f3ria \/ G1"},"content":{"rendered":"\n<p><strong>Milton Hatoum toma posse na ABL como o primeiro acad\u00eamico amazonense da hist\u00f3ria \/ G1<\/strong><\/p>\n\n\n\n<p>Nascido em Manaus, em 1952, Milton Hatoum \u00e9 jornalista e arquiteto de forma\u00e7\u00e3o, al\u00e9m de ter atuado como professor universit\u00e1rio e tradutor. Filho de imigrantes libaneses, ele viveu em diferentes pa\u00edses e cidades, mas transformou as origens e o cen\u00e1rio amaz\u00f4nico na marca principal de sua literatura.<\/p>\n\n\n\n<p>Para o presidente da ABL, Merval Pereira, a origem do autor refor\u00e7a sua relev\u00e2ncia. &#8220;O fato de ele ser amazonense acrescenta ainda mais a import\u00e2ncia dele para a literatura. \u00c9 uma literatura que busca explicar a sociedade brasileira&#8221;, destacou.<\/p>\n\n\n\n<p>#Escritores #ABL<\/p>\n\n\n\n<p>via G1<\/p>\n\n\n\n<p>Dispon\u00edvel em: <a href=\"https:\/\/g1.globo.com\/jornal-nacional\/noticia\/2026\/04\/25\/milton-hatoum-toma-posse-na-abl-como-o-primeiro-academico-amazonense-da-historia.ghtml\">https:\/\/g1.globo.com\/jornal-nacional\/noticia\/2026\/04\/25\/milton-hatoum-toma-posse-na-abl-como-o-primeiro-academico-amazonense-da-historia.ghtml<\/a><\/p>\n\n\n\n<figure class=\"wp-block-image size-large\"><img data-recalc-dims=\"1\" decoding=\"async\" width=\"600\" height=\"371\" src=\"https:\/\/i0.wp.com\/www.pedroandretta.info\/index\/wp-content\/uploads\/2026\/04\/image-126.png?resize=600%2C371&#038;ssl=1\" alt=\"\" class=\"wp-image-37961\" srcset=\"https:\/\/i0.wp.com\/www.pedroandretta.info\/index\/wp-content\/uploads\/2026\/04\/image-126.png?resize=600%2C371&amp;ssl=1 600w, https:\/\/i0.wp.com\/www.pedroandretta.info\/index\/wp-content\/uploads\/2026\/04\/image-126.png?resize=300%2C186&amp;ssl=1 300w, https:\/\/i0.wp.com\/www.pedroandretta.info\/index\/wp-content\/uploads\/2026\/04\/image-126.png?resize=768%2C476&amp;ssl=1 768w, https:\/\/i0.wp.com\/www.pedroandretta.info\/index\/wp-content\/uploads\/2026\/04\/image-126.png?resize=360%2C224&amp;ssl=1 360w, https:\/\/i0.wp.com\/www.pedroandretta.info\/index\/wp-content\/uploads\/2026\/04\/image-126.png?w=856&amp;ssl=1 856w\" sizes=\"(max-width: 600px) 100vw, 600px\" \/><\/figure>\n","protected":false},"excerpt":{"rendered":"<p>Milton Hatoum toma posse na ABL como o primeiro acad\u00eamico amazonense da hist\u00f3ria \/ G1 Nascido em Manaus, em 1952, Milton Hatoum \u00e9 jornalista e arquiteto de forma\u00e7\u00e3o, al\u00e9m de ter atuado como professor universit\u00e1rio e tradutor. Filho de imigrantes libaneses, ele viveu em diferentes pa\u00edses e cidades, mas transformou as origens e o cen\u00e1rio<\/p><\/div>\n<div class=\"blog-btn\"><a href=\"https:\/\/www.pedroandretta.info\/index\/2026\/04\/milton-hatoum-toma-posse-na-abl-como-o-primeiro-academico-amazonense-da-historia-g1\/\" class=\"home-blog-btn\">Ler mais<\/a><\/p>\n","protected":false},"author":1,"featured_media":0,"comment_status":"open","ping_status":"open","sticky":false,"template":"","format":"standard","meta":{"_jetpack_memberships_contains_paid_content":false,"footnotes":"","jetpack_publicize_message":"","jetpack_publicize_feature_enabled":true,"jetpack_social_post_already_shared":true,"jetpack_social_options":{"image_generator_settings":{"template":"highway","default_image_id":0,"font":"","enabled":false},"version":2}},"categories":[21],"tags":[1425,920],"class_list":["post-37960","post","type-post","status-publish","format-standard","hentry","category-informeci","tag-abl","tag-escritores"],"jetpack_publicize_connections":[],"jetpack_featured_media_url":"","views":"","jetpack_sharing_enabled":true,"_links":{"self":[{"href":"https:\/\/www.pedroandretta.info\/index\/wp-json\/wp\/v2\/posts\/37960","targetHints":{"allow":["GET"]}}],"collection":[{"href":"https:\/\/www.pedroandretta.info\/index\/wp-json\/wp\/v2\/posts"}],"about":[{"href":"https:\/\/www.pedroandretta.info\/index\/wp-json\/wp\/v2\/types\/post"}],"author":[{"embeddable":true,"href":"https:\/\/www.pedroandretta.info\/index\/wp-json\/wp\/v2\/users\/1"}],"replies":[{"embeddable":true,"href":"https:\/\/www.pedroandretta.info\/index\/wp-json\/wp\/v2\/comments?post=37960"}],"version-history":[{"count":1,"href":"https:\/\/www.pedroandretta.info\/index\/wp-json\/wp\/v2\/posts\/37960\/revisions"}],"predecessor-version":[{"id":37962,"href":"https:\/\/www.pedroandretta.info\/index\/wp-json\/wp\/v2\/posts\/37960\/revisions\/37962"}],"wp:attachment":[{"href":"https:\/\/www.pedroandretta.info\/index\/wp-json\/wp\/v2\/media?parent=37960"}],"wp:term":[{"taxonomy":"category","embeddable":true,"href":"https:\/\/www.pedroandretta.info\/index\/wp-json\/wp\/v2\/categories?post=37960"},{"taxonomy":"post_tag","embeddable":true,"href":"https:\/\/www.pedroandretta.info\/index\/wp-json\/wp\/v2\/tags?post=37960"}],"curies":[{"name":"wp","href":"https:\/\/api.w.org\/{rel}","templated":true}]}}