{"id":37969,"date":"2026-04-29T12:00:50","date_gmt":"2026-04-29T16:00:50","guid":{"rendered":"https:\/\/www.pedroandretta.info\/index\/?p=37969"},"modified":"2026-04-29T12:00:54","modified_gmt":"2026-04-29T16:00:54","slug":"atom-e-archivematica-uma-arquitetura-sistemica-para-a-preservacao-e-o-acesso-a-memoria-digital-documentos-arquivisticos-digitais","status":"publish","type":"post","link":"https:\/\/www.pedroandretta.info\/index\/2026\/04\/atom-e-archivematica-uma-arquitetura-sistemica-para-a-preservacao-e-o-acesso-a-memoria-digital-documentos-arquivisticos-digitais\/","title":{"rendered":"AtoM e Archivematica: Uma Arquitetura Sist\u00eamica para a Preserva\u00e7\u00e3o e o Acesso \u00e0 Mem\u00f3ria Digital \/ Documentos Arquiv\u00edsticos Digitais"},"content":{"rendered":"\n<p><strong>AtoM e Archivematica: Uma Arquitetura Sist\u00eamica para a Preserva\u00e7\u00e3o e o Acesso \u00e0 Mem\u00f3ria Digital \/ Documentos Arquiv\u00edsticos Digitais<\/strong><\/p>\n\n\n\n<p>O comparativo entre AtoM e Archivematica revela que a arquiv\u00edstica digital moderna n\u00e3o se sustenta apenas com teoria ou apenas com tecnologia, mas com a fus\u00e3o de ambas. O AtoM representa a face human\u00edstica e descritiva da profiss\u00e3o, preocupada em tornar a mem\u00f3ria compreens\u00edvel e acess\u00edvel. O Archivematica representa a face t\u00e9cnica e cient\u00edfica, focada na estabilidade qu\u00edmica (digitalmente falando) e na autenticidade dos registros. Entender essas ferramentas \u00e9 compreender como o RDC-arq se materializa na pr\u00e1tica. N\u00e3o se trata de escolher uma ou outra, mas de projetar sistemas onde ambas colaborem para manter a cadeia de cust\u00f3dia ininterrupta.<\/p>\n\n\n\n<p>#AtoM #Archivematica #Automa\u00e7\u00e3oDeArquivos<\/p>\n\n\n\n<p>Dispon\u00edvel em: <a href=\"http:\/\/documentosarquivisticosdigitais.blogspot.com\/2026\/04\/atom-e-archivematica-uma-arquitetura.html\">http:\/\/documentosarquivisticosdigitais.blogspot.com\/2026\/04\/atom-e-archivematica-uma-arquitetura.html<\/a><\/p>\n","protected":false},"excerpt":{"rendered":"<p>AtoM e Archivematica: Uma Arquitetura Sist\u00eamica para a Preserva\u00e7\u00e3o e o Acesso \u00e0 Mem\u00f3ria Digital \/ Documentos Arquiv\u00edsticos Digitais O comparativo entre AtoM e Archivematica revela que a arquiv\u00edstica digital moderna n\u00e3o se sustenta apenas com teoria ou apenas com tecnologia, mas com a fus\u00e3o de ambas. O AtoM representa a face human\u00edstica e descritiva<\/p><\/div>\n<div class=\"blog-btn\"><a href=\"https:\/\/www.pedroandretta.info\/index\/2026\/04\/atom-e-archivematica-uma-arquitetura-sistemica-para-a-preservacao-e-o-acesso-a-memoria-digital-documentos-arquivisticos-digitais\/\" class=\"home-blog-btn\">Ler mais<\/a><\/p>\n","protected":false},"author":1,"featured_media":0,"comment_status":"open","ping_status":"open","sticky":false,"template":"","format":"standard","meta":{"_jetpack_memberships_contains_paid_content":false,"footnotes":"","jetpack_publicize_message":"","jetpack_publicize_feature_enabled":true,"jetpack_social_post_already_shared":true,"jetpack_social_options":{"image_generator_settings":{"template":"highway","default_image_id":0,"font":"","enabled":false},"version":2}},"categories":[21],"tags":[718,1289,4203],"class_list":["post-37969","post","type-post","status-publish","format-standard","hentry","category-informeci","tag-archivematica","tag-atom","tag-automacaodearquivos"],"jetpack_publicize_connections":[],"jetpack_featured_media_url":"","views":"","jetpack_sharing_enabled":true,"_links":{"self":[{"href":"https:\/\/www.pedroandretta.info\/index\/wp-json\/wp\/v2\/posts\/37969","targetHints":{"allow":["GET"]}}],"collection":[{"href":"https:\/\/www.pedroandretta.info\/index\/wp-json\/wp\/v2\/posts"}],"about":[{"href":"https:\/\/www.pedroandretta.info\/index\/wp-json\/wp\/v2\/types\/post"}],"author":[{"embeddable":true,"href":"https:\/\/www.pedroandretta.info\/index\/wp-json\/wp\/v2\/users\/1"}],"replies":[{"embeddable":true,"href":"https:\/\/www.pedroandretta.info\/index\/wp-json\/wp\/v2\/comments?post=37969"}],"version-history":[{"count":1,"href":"https:\/\/www.pedroandretta.info\/index\/wp-json\/wp\/v2\/posts\/37969\/revisions"}],"predecessor-version":[{"id":37970,"href":"https:\/\/www.pedroandretta.info\/index\/wp-json\/wp\/v2\/posts\/37969\/revisions\/37970"}],"wp:attachment":[{"href":"https:\/\/www.pedroandretta.info\/index\/wp-json\/wp\/v2\/media?parent=37969"}],"wp:term":[{"taxonomy":"category","embeddable":true,"href":"https:\/\/www.pedroandretta.info\/index\/wp-json\/wp\/v2\/categories?post=37969"},{"taxonomy":"post_tag","embeddable":true,"href":"https:\/\/www.pedroandretta.info\/index\/wp-json\/wp\/v2\/tags?post=37969"}],"curies":[{"name":"wp","href":"https:\/\/api.w.org\/{rel}","templated":true}]}}