{"id":37971,"date":"2026-04-29T12:03:27","date_gmt":"2026-04-29T16:03:27","guid":{"rendered":"https:\/\/www.pedroandretta.info\/index\/?p=37971"},"modified":"2026-04-29T12:03:30","modified_gmt":"2026-04-29T16:03:30","slug":"a-competencia-em-informacao-de-universitarios-com-transtorno-do-espectro-autista-informacao-informacao","status":"publish","type":"post","link":"https:\/\/www.pedroandretta.info\/index\/2026\/04\/a-competencia-em-informacao-de-universitarios-com-transtorno-do-espectro-autista-informacao-informacao\/","title":{"rendered":"A Compet\u00eancia em informa\u00e7\u00e3o de universit\u00e1rios com Transtorno do Espectro Autista \/ Informa\u00e7\u00e3o &amp; Informa\u00e7\u00e3o"},"content":{"rendered":"\n<p><strong>A Compet\u00eancia em informa\u00e7\u00e3o de universit\u00e1rios com Transtorno do Espectro Autista \/ Informa\u00e7\u00e3o &amp; Informa\u00e7\u00e3o<\/strong><\/p>\n\n\n\n<p>Os resultados indicam que, embora haja reconhecimento da import\u00e2ncia de a\u00e7\u00f5es de acessibilidade para a forma\u00e7\u00e3o acad\u00eamica de estudantes com autismo e um crescimento da presen\u00e7a desse p\u00fablico no ensino superior, ainda s\u00e3o incipientes os estudos que articulam, de forma integrada, as discuss\u00f5es sobre Compet\u00eancia em Informa\u00e7\u00e3o e inclus\u00e3o desses estudantes na universidade. Observa-se, portanto, uma lacuna na literatura cient\u00edfica no que se refere ao desenvolvimento de pr\u00e1ticas informacionais direcionadas a esse p\u00fablico.<\/p>\n\n\n\n<p>#CoInfo #Autismo<\/p>\n\n\n\n<p>Dispon\u00edvel em: <a href=\"https:\/\/ojs.uel.br\/revistas\/uel\/index.php\/informacao\/article\/view\/53034\">https:\/\/ojs.uel.br\/revistas\/uel\/index.php\/informacao\/article\/view\/53034<\/a><\/p>\n\n\n\n<figure class=\"wp-block-image size-large\"><img data-recalc-dims=\"1\" decoding=\"async\" width=\"379\" height=\"600\" src=\"https:\/\/i0.wp.com\/www.pedroandretta.info\/index\/wp-content\/uploads\/2026\/04\/image-129.png?resize=379%2C600&#038;ssl=1\" alt=\"\" class=\"wp-image-37972\" srcset=\"https:\/\/i0.wp.com\/www.pedroandretta.info\/index\/wp-content\/uploads\/2026\/04\/image-129.png?resize=379%2C600&amp;ssl=1 379w, https:\/\/i0.wp.com\/www.pedroandretta.info\/index\/wp-content\/uploads\/2026\/04\/image-129.png?resize=189%2C300&amp;ssl=1 189w, https:\/\/i0.wp.com\/www.pedroandretta.info\/index\/wp-content\/uploads\/2026\/04\/image-129.png?w=512&amp;ssl=1 512w\" sizes=\"(max-width: 379px) 100vw, 379px\" \/><\/figure>\n","protected":false},"excerpt":{"rendered":"<p>A Compet\u00eancia em informa\u00e7\u00e3o de universit\u00e1rios com Transtorno do Espectro Autista \/ Informa\u00e7\u00e3o &amp; Informa\u00e7\u00e3o Os resultados indicam que, embora haja reconhecimento da import\u00e2ncia de a\u00e7\u00f5es de acessibilidade para a forma\u00e7\u00e3o acad\u00eamica de estudantes com autismo e um crescimento da presen\u00e7a desse p\u00fablico no ensino superior, ainda s\u00e3o incipientes os estudos que articulam, de forma<\/p><\/div>\n<div class=\"blog-btn\"><a href=\"https:\/\/www.pedroandretta.info\/index\/2026\/04\/a-competencia-em-informacao-de-universitarios-com-transtorno-do-espectro-autista-informacao-informacao\/\" class=\"home-blog-btn\">Ler mais<\/a><\/p>\n","protected":false},"author":1,"featured_media":0,"comment_status":"open","ping_status":"open","sticky":false,"template":"","format":"standard","meta":{"_jetpack_memberships_contains_paid_content":false,"footnotes":"","jetpack_publicize_message":"","jetpack_publicize_feature_enabled":true,"jetpack_social_post_already_shared":true,"jetpack_social_options":{"image_generator_settings":{"template":"highway","default_image_id":0,"font":"","enabled":false},"version":2}},"categories":[21],"tags":[1532,46],"class_list":["post-37971","post","type-post","status-publish","format-standard","hentry","category-informeci","tag-autismo","tag-coinfo"],"jetpack_publicize_connections":[],"jetpack_featured_media_url":"","views":"","jetpack_sharing_enabled":true,"_links":{"self":[{"href":"https:\/\/www.pedroandretta.info\/index\/wp-json\/wp\/v2\/posts\/37971","targetHints":{"allow":["GET"]}}],"collection":[{"href":"https:\/\/www.pedroandretta.info\/index\/wp-json\/wp\/v2\/posts"}],"about":[{"href":"https:\/\/www.pedroandretta.info\/index\/wp-json\/wp\/v2\/types\/post"}],"author":[{"embeddable":true,"href":"https:\/\/www.pedroandretta.info\/index\/wp-json\/wp\/v2\/users\/1"}],"replies":[{"embeddable":true,"href":"https:\/\/www.pedroandretta.info\/index\/wp-json\/wp\/v2\/comments?post=37971"}],"version-history":[{"count":1,"href":"https:\/\/www.pedroandretta.info\/index\/wp-json\/wp\/v2\/posts\/37971\/revisions"}],"predecessor-version":[{"id":37973,"href":"https:\/\/www.pedroandretta.info\/index\/wp-json\/wp\/v2\/posts\/37971\/revisions\/37973"}],"wp:attachment":[{"href":"https:\/\/www.pedroandretta.info\/index\/wp-json\/wp\/v2\/media?parent=37971"}],"wp:term":[{"taxonomy":"category","embeddable":true,"href":"https:\/\/www.pedroandretta.info\/index\/wp-json\/wp\/v2\/categories?post=37971"},{"taxonomy":"post_tag","embeddable":true,"href":"https:\/\/www.pedroandretta.info\/index\/wp-json\/wp\/v2\/tags?post=37971"}],"curies":[{"name":"wp","href":"https:\/\/api.w.org\/{rel}","templated":true}]}}