{"id":37974,"date":"2026-04-29T12:05:53","date_gmt":"2026-04-29T16:05:53","guid":{"rendered":"https:\/\/www.pedroandretta.info\/index\/?p=37974"},"modified":"2026-04-29T12:05:55","modified_gmt":"2026-04-29T16:05:55","slug":"modelo-conceitual-para-a-avaliacao-de-desempenho-na-gestao-da-sustentabilidade-em-bibliotecas-pci","status":"publish","type":"post","link":"https:\/\/www.pedroandretta.info\/index\/2026\/04\/modelo-conceitual-para-a-avaliacao-de-desempenho-na-gestao-da-sustentabilidade-em-bibliotecas-pci\/","title":{"rendered":"Modelo conceitual para a avalia\u00e7\u00e3o de desempenho na gest\u00e3o da sustentabilidade em bibliotecas \/ PCI"},"content":{"rendered":"\n<p><strong>Modelo conceitual para a avalia\u00e7\u00e3o de desempenho na gest\u00e3o da sustentabilidade em bibliotecas \/ PCI<\/strong><\/p>\n\n\n\n<p>Como resultados, formou-se um portf\u00f3lio bibliogr\u00e1fico de 22 artigos do tema e realizou-se a An\u00e1lise Sist\u00eamica, considerando as \u00c1reas \/ Lentes do Conhecimento relativas \u00e0 avalia\u00e7\u00e3o de desempenho. Ap\u00f3s a identifica\u00e7\u00e3o e verifica\u00e7\u00e3o dos elementos conceituais, foi estruturado o Modelo Conceitual para a avalia\u00e7\u00e3o de desempenho na gest\u00e3o da sustentabilidade em bibliotecas. A relev\u00e2ncia da pesquisa reside na compila\u00e7\u00e3o e organiza\u00e7\u00e3o de informa\u00e7\u00f5es te\u00f3ricas fundamentadas, contribuindo para o avan\u00e7o do conhecimento cient\u00edfico na \u00e1rea e para o fortalecimento da sustentabilidade nas bibliotecas.<\/p>\n\n\n\n<p>#Gest\u00e3oDeBibliotecas #Sustentabilidade<\/p>\n\n\n\n<p>Dispon\u00edvel em: <a href=\"https:\/\/periodicos.ufmg.br\/index.php\/pci\/article\/view\/55897\">https:\/\/periodicos.ufmg.br\/index.php\/pci\/article\/view\/55897<\/a><\/p>\n\n\n\n<figure class=\"wp-block-image size-large\"><img data-recalc-dims=\"1\" decoding=\"async\" width=\"419\" height=\"600\" src=\"https:\/\/i0.wp.com\/www.pedroandretta.info\/index\/wp-content\/uploads\/2026\/04\/image-130.png?resize=419%2C600&#038;ssl=1\" alt=\"\" class=\"wp-image-37975\" srcset=\"https:\/\/i0.wp.com\/www.pedroandretta.info\/index\/wp-content\/uploads\/2026\/04\/image-130.png?resize=419%2C600&amp;ssl=1 419w, https:\/\/i0.wp.com\/www.pedroandretta.info\/index\/wp-content\/uploads\/2026\/04\/image-130.png?resize=209%2C300&amp;ssl=1 209w, https:\/\/i0.wp.com\/www.pedroandretta.info\/index\/wp-content\/uploads\/2026\/04\/image-130.png?w=597&amp;ssl=1 597w\" sizes=\"(max-width: 419px) 100vw, 419px\" \/><\/figure>\n","protected":false},"excerpt":{"rendered":"<p>Modelo conceitual para a avalia\u00e7\u00e3o de desempenho na gest\u00e3o da sustentabilidade em bibliotecas \/ PCI Como resultados, formou-se um portf\u00f3lio bibliogr\u00e1fico de 22 artigos do tema e realizou-se a An\u00e1lise Sist\u00eamica, considerando as \u00c1reas \/ Lentes do Conhecimento relativas \u00e0 avalia\u00e7\u00e3o de desempenho. Ap\u00f3s a identifica\u00e7\u00e3o e verifica\u00e7\u00e3o dos elementos conceituais, foi estruturado o Modelo<\/p><\/div>\n<div class=\"blog-btn\"><a href=\"https:\/\/www.pedroandretta.info\/index\/2026\/04\/modelo-conceitual-para-a-avaliacao-de-desempenho-na-gestao-da-sustentabilidade-em-bibliotecas-pci\/\" class=\"home-blog-btn\">Ler mais<\/a><\/p>\n","protected":false},"author":1,"featured_media":0,"comment_status":"open","ping_status":"open","sticky":false,"template":"","format":"standard","meta":{"_jetpack_memberships_contains_paid_content":false,"footnotes":"","jetpack_publicize_message":"","jetpack_publicize_feature_enabled":true,"jetpack_social_post_already_shared":true,"jetpack_social_options":{"image_generator_settings":{"template":"highway","default_image_id":0,"font":"","enabled":false},"version":2}},"categories":[21],"tags":[1498,40],"class_list":["post-37974","post","type-post","status-publish","format-standard","hentry","category-informeci","tag-gestaodebibliotecas","tag-sustentabilidade"],"jetpack_publicize_connections":[],"jetpack_featured_media_url":"","views":"","jetpack_sharing_enabled":true,"_links":{"self":[{"href":"https:\/\/www.pedroandretta.info\/index\/wp-json\/wp\/v2\/posts\/37974","targetHints":{"allow":["GET"]}}],"collection":[{"href":"https:\/\/www.pedroandretta.info\/index\/wp-json\/wp\/v2\/posts"}],"about":[{"href":"https:\/\/www.pedroandretta.info\/index\/wp-json\/wp\/v2\/types\/post"}],"author":[{"embeddable":true,"href":"https:\/\/www.pedroandretta.info\/index\/wp-json\/wp\/v2\/users\/1"}],"replies":[{"embeddable":true,"href":"https:\/\/www.pedroandretta.info\/index\/wp-json\/wp\/v2\/comments?post=37974"}],"version-history":[{"count":1,"href":"https:\/\/www.pedroandretta.info\/index\/wp-json\/wp\/v2\/posts\/37974\/revisions"}],"predecessor-version":[{"id":37976,"href":"https:\/\/www.pedroandretta.info\/index\/wp-json\/wp\/v2\/posts\/37974\/revisions\/37976"}],"wp:attachment":[{"href":"https:\/\/www.pedroandretta.info\/index\/wp-json\/wp\/v2\/media?parent=37974"}],"wp:term":[{"taxonomy":"category","embeddable":true,"href":"https:\/\/www.pedroandretta.info\/index\/wp-json\/wp\/v2\/categories?post=37974"},{"taxonomy":"post_tag","embeddable":true,"href":"https:\/\/www.pedroandretta.info\/index\/wp-json\/wp\/v2\/tags?post=37974"}],"curies":[{"name":"wp","href":"https:\/\/api.w.org\/{rel}","templated":true}]}}