{"id":37983,"date":"2026-04-29T21:14:21","date_gmt":"2026-04-30T01:14:21","guid":{"rendered":"https:\/\/www.pedroandretta.info\/index\/?p=37983"},"modified":"2026-04-29T21:14:23","modified_gmt":"2026-04-30T01:14:23","slug":"ja-para-fora-de-sala-analise-critica-das-percepcoes-de-adolescentes-e-educadores-sobre-a-proibicao-do-uso-de-celular-em-escolas-do-rio-de-janeiro-ppgci-ibict","status":"publish","type":"post","link":"https:\/\/www.pedroandretta.info\/index\/2026\/04\/ja-para-fora-de-sala-analise-critica-das-percepcoes-de-adolescentes-e-educadores-sobre-a-proibicao-do-uso-de-celular-em-escolas-do-rio-de-janeiro-ppgci-ibict\/","title":{"rendered":"J\u00e1 para fora de sala: an\u00e1lise cr\u00edtica das percep\u00e7\u00f5es de adolescentes e educadores sobre a proibi\u00e7\u00e3o do uso de celular em escolas do Rio de Janeiro \/ PPGCI &#8211; IBICT"},"content":{"rendered":"\n<p><strong>J\u00e1 para fora de sala: an\u00e1lise cr\u00edtica das percep\u00e7\u00f5es de adolescentes e educadores sobre a proibi\u00e7\u00e3o do uso de celular em escolas do Rio de Janeiro \/ PPGCI &#8211; IBICT<\/strong><\/p>\n\n\n\n<p>Os resultados sugerem que a proibi\u00e7\u00e3o favoreceu o comportamento dos estudantes em termos de foco e intera\u00e7\u00e3o social; que eles reconhecem problemas do excesso do uso do celular; e buscam autorregular seu tempo de tela. Como conclus\u00e3o proponho resistir \u00e0 press\u00e3o neoliberal pela acelera\u00e7\u00e3o social para refletir com as crian\u00e7as e adolescentes sobre estrat\u00e9gias efetivas de conscientiza\u00e7\u00e3o cr\u00edtica para o uso das tecnologias digitais de forma que os beneficie, a partir de um processo que integre a tr\u00edade fam\u00edlia, escola e governos. Acompanhar os resultados atingidos nas escolas que proibiram o uso de smartphones pode trazer ind\u00edcios sobre os efeitos da redu\u00e7\u00e3o do tempo de tela por crian\u00e7as na escola e em outros ambientes. Esta pesquisa pretende atender a anseio n\u00e3o somente de parte da sociedade (crian\u00e7as, adolescentes, respons\u00e1veis, educadores, pediatras, hebiatras, entre outros), mas tamb\u00e9m contribuir fornecendo evid\u00eancias cient\u00edficas que embasem pol\u00edticas p\u00fablicas e mesmo outras pesquisas.<\/p>\n\n\n\n<p>Dispon\u00edvel em: <a href=\"https:\/\/ridi.ibict.br\/handle\/123456789\/1460\">https:\/\/ridi.ibict.br\/handle\/123456789\/1460<\/a><\/p>\n\n\n\n<figure class=\"wp-block-image size-large\"><img data-recalc-dims=\"1\" decoding=\"async\" width=\"399\" height=\"600\" src=\"https:\/\/i0.wp.com\/www.pedroandretta.info\/index\/wp-content\/uploads\/2026\/04\/image-132.png?resize=399%2C600&#038;ssl=1\" alt=\"\" class=\"wp-image-37984\" srcset=\"https:\/\/i0.wp.com\/www.pedroandretta.info\/index\/wp-content\/uploads\/2026\/04\/image-132.png?resize=399%2C600&amp;ssl=1 399w, https:\/\/i0.wp.com\/www.pedroandretta.info\/index\/wp-content\/uploads\/2026\/04\/image-132.png?resize=199%2C300&amp;ssl=1 199w, https:\/\/i0.wp.com\/www.pedroandretta.info\/index\/wp-content\/uploads\/2026\/04\/image-132.png?w=559&amp;ssl=1 559w\" sizes=\"(max-width: 399px) 100vw, 399px\" \/><\/figure>\n","protected":false},"excerpt":{"rendered":"<p>J\u00e1 para fora de sala: an\u00e1lise cr\u00edtica das percep\u00e7\u00f5es de adolescentes e educadores sobre a proibi\u00e7\u00e3o do uso de celular em escolas do Rio de Janeiro \/ PPGCI &#8211; IBICT Os resultados sugerem que a proibi\u00e7\u00e3o favoreceu o comportamento dos estudantes em termos de foco e intera\u00e7\u00e3o social; que eles reconhecem problemas do excesso do<\/p><\/div>\n<div class=\"blog-btn\"><a href=\"https:\/\/www.pedroandretta.info\/index\/2026\/04\/ja-para-fora-de-sala-analise-critica-das-percepcoes-de-adolescentes-e-educadores-sobre-a-proibicao-do-uso-de-celular-em-escolas-do-rio-de-janeiro-ppgci-ibict\/\" class=\"home-blog-btn\">Ler mais<\/a><\/p>\n","protected":false},"author":1,"featured_media":0,"comment_status":"open","ping_status":"open","sticky":false,"template":"","format":"standard","meta":{"_jetpack_memberships_contains_paid_content":false,"footnotes":"","jetpack_publicize_message":"","jetpack_publicize_feature_enabled":true,"jetpack_social_post_already_shared":true,"jetpack_social_options":{"image_generator_settings":{"template":"highway","default_image_id":0,"font":"","enabled":false},"version":2}},"categories":[21],"tags":[1774,81,1315],"class_list":["post-37983","post","type-post","status-publish","format-standard","hentry","category-informeci","tag-adolescentes","tag-escolas","tag-smartphone"],"jetpack_publicize_connections":[],"jetpack_featured_media_url":"","views":"","jetpack_sharing_enabled":true,"_links":{"self":[{"href":"https:\/\/www.pedroandretta.info\/index\/wp-json\/wp\/v2\/posts\/37983","targetHints":{"allow":["GET"]}}],"collection":[{"href":"https:\/\/www.pedroandretta.info\/index\/wp-json\/wp\/v2\/posts"}],"about":[{"href":"https:\/\/www.pedroandretta.info\/index\/wp-json\/wp\/v2\/types\/post"}],"author":[{"embeddable":true,"href":"https:\/\/www.pedroandretta.info\/index\/wp-json\/wp\/v2\/users\/1"}],"replies":[{"embeddable":true,"href":"https:\/\/www.pedroandretta.info\/index\/wp-json\/wp\/v2\/comments?post=37983"}],"version-history":[{"count":1,"href":"https:\/\/www.pedroandretta.info\/index\/wp-json\/wp\/v2\/posts\/37983\/revisions"}],"predecessor-version":[{"id":37985,"href":"https:\/\/www.pedroandretta.info\/index\/wp-json\/wp\/v2\/posts\/37983\/revisions\/37985"}],"wp:attachment":[{"href":"https:\/\/www.pedroandretta.info\/index\/wp-json\/wp\/v2\/media?parent=37983"}],"wp:term":[{"taxonomy":"category","embeddable":true,"href":"https:\/\/www.pedroandretta.info\/index\/wp-json\/wp\/v2\/categories?post=37983"},{"taxonomy":"post_tag","embeddable":true,"href":"https:\/\/www.pedroandretta.info\/index\/wp-json\/wp\/v2\/tags?post=37983"}],"curies":[{"name":"wp","href":"https:\/\/api.w.org\/{rel}","templated":true}]}}