{"id":3799,"date":"2020-01-10T14:47:57","date_gmt":"2020-01-10T14:47:57","guid":{"rendered":"https:\/\/www.pedroandretta.info\/index\/?p=3799"},"modified":"2020-01-10T14:47:57","modified_gmt":"2020-01-10T14:47:57","slug":"estao-abertas-as-submissoes-para-o-congresso-mundial-da-ifla-sobre-bibliotecas-e","status":"publish","type":"post","link":"https:\/\/www.pedroandretta.info\/index\/2020\/01\/estao-abertas-as-submissoes-para-o-congresso-mundial-da-ifla-sobre-bibliotecas-e\/","title":{"rendered":"Est\u00e3o abertas as submiss\u00f5es para o Congresso Mundial da IFLA sobre Bibliotecas e&#8230;"},"content":{"rendered":"<p>[ad_1]<\/p>\n<blockquote class=\"twitter-tweet\">\n<p lang=\"pt\" dir=\"ltr\">Est\u00e3o abertas as submiss\u00f5es para o Congresso Mundial da IFLA sobre Bibliotecas e Informa\u00e7\u00e3o, que ser\u00e1 realizado em Dublin, Irlanda, de 15 a 21 de agosto de 2020. Saiba mais: <a target=\"_blank\" href=\"https:\/\/t.co\/e0GXEVTFxl\" rel=\"noopener noreferrer\">https:\/\/t.co\/e0GXEVTFxl<\/a><a target=\"_blank\" href=\"https:\/\/twitter.com\/hashtag\/ifla?src=hash&amp;ref_src=twsrc%5Etfw\" rel=\"noopener noreferrer\">#ifla<\/a> <a target=\"_blank\" href=\"https:\/\/twitter.com\/hashtag\/wlic?src=hash&amp;ref_src=twsrc%5Etfw\" rel=\"noopener noreferrer\">#wlic<\/a> <a target=\"_blank\" href=\"https:\/\/twitter.com\/hashtag\/bibliotecas?src=hash&amp;ref_src=twsrc%5Etfw\" rel=\"noopener noreferrer\">#bibliotecas<\/a> <a target=\"_blank\" href=\"https:\/\/twitter.com\/hashtag\/informacao?src=hash&amp;ref_src=twsrc%5Etfw\" rel=\"noopener noreferrer\">#informacao<\/a> <a target=\"_blank\" href=\"https:\/\/twitter.com\/hashtag\/bibliotecarios?src=hash&amp;ref_src=twsrc%5Etfw\" rel=\"noopener noreferrer\">#bibliotecarios<\/a> <a target=\"_blank\" href=\"https:\/\/twitter.com\/hashtag\/cienciadainformacao?src=hash&amp;ref_src=twsrc%5Etfw\" rel=\"noopener noreferrer\">#cienciadainformacao<\/a> <a target=\"_blank\" href=\"https:\/\/t.co\/Lbf9aTPKIj\" rel=\"noopener noreferrer\">pic.twitter.com\/Lbf9aTPKIj<\/a><\/p>\n<p>&mdash; IBICT (@IBICTbr) <a target=\"_blank\" href=\"https:\/\/twitter.com\/IBICTbr\/status\/1215646464245936129?ref_src=twsrc%5Etfw\" rel=\"noopener noreferrer\">January 10, 2020<\/a><\/p><\/blockquote>\n<p><script async src=\"https:\/\/platform.twitter.com\/widgets.js\" charset=\"utf-8\"><\/script><\/p>\n<p>[ad_2]<br \/>\n<br \/><a href=\"https:\/\/twitter.com\/IBICTbr\/statuses\/1215646464245936129\">Source<\/a> by <a href=\"https:\/\/t.co\/QudFK94goy\">IBICT<\/a><\/p>\n","protected":false},"excerpt":{"rendered":"<p>[ad_1] Est\u00e3o abertas as submiss\u00f5es para o Congresso Mundial da IFLA sobre Bibliotecas e Informa\u00e7\u00e3o, que ser\u00e1 realizado em Dublin, Irlanda, de 15 a 21 de agosto de 2020. Saiba mais: https:\/\/t.co\/e0GXEVTFxl#ifla #wlic #bibliotecas #informacao #bibliotecarios #cienciadainformacao pic.twitter.com\/Lbf9aTPKIj &mdash; IBICT (@IBICTbr) January 10, 2020 [ad_2] Source by IBICT<\/p>\n","protected":false},"author":1,"featured_media":3800,"comment_status":"open","ping_status":"open","sticky":false,"template":"","format":"standard","meta":{"_jetpack_memberships_contains_paid_content":false,"footnotes":"","jetpack_publicize_message":"","jetpack_publicize_feature_enabled":true,"jetpack_social_post_already_shared":true,"jetpack_social_options":{"image_generator_settings":{"template":"highway","default_image_id":0,"font":"","enabled":false},"version":2}},"categories":[21],"tags":[22,38,409,344,228,408],"class_list":["post-3799","post","type-post","status-publish","format-standard","has-post-thumbnail","hentry","category-informeci","tag-bibliotecarios","tag-bibliotecas","tag-cienciadainformacao","tag-ifla","tag-informacao","tag-wlic"],"jetpack_publicize_connections":[],"jetpack_featured_media_url":"https:\/\/i0.wp.com\/www.pedroandretta.info\/index\/wp-content\/uploads\/2020\/01\/EN7YAkFWAAEPkuY.jpg?fit=1200%2C480&ssl=1","views":"","jetpack_sharing_enabled":true,"_links":{"self":[{"href":"https:\/\/www.pedroandretta.info\/index\/wp-json\/wp\/v2\/posts\/3799","targetHints":{"allow":["GET"]}}],"collection":[{"href":"https:\/\/www.pedroandretta.info\/index\/wp-json\/wp\/v2\/posts"}],"about":[{"href":"https:\/\/www.pedroandretta.info\/index\/wp-json\/wp\/v2\/types\/post"}],"author":[{"embeddable":true,"href":"https:\/\/www.pedroandretta.info\/index\/wp-json\/wp\/v2\/users\/1"}],"replies":[{"embeddable":true,"href":"https:\/\/www.pedroandretta.info\/index\/wp-json\/wp\/v2\/comments?post=3799"}],"version-history":[{"count":0,"href":"https:\/\/www.pedroandretta.info\/index\/wp-json\/wp\/v2\/posts\/3799\/revisions"}],"wp:featuredmedia":[{"embeddable":true,"href":"https:\/\/www.pedroandretta.info\/index\/wp-json\/wp\/v2\/media\/3800"}],"wp:attachment":[{"href":"https:\/\/www.pedroandretta.info\/index\/wp-json\/wp\/v2\/media?parent=3799"}],"wp:term":[{"taxonomy":"category","embeddable":true,"href":"https:\/\/www.pedroandretta.info\/index\/wp-json\/wp\/v2\/categories?post=3799"},{"taxonomy":"post_tag","embeddable":true,"href":"https:\/\/www.pedroandretta.info\/index\/wp-json\/wp\/v2\/tags?post=3799"}],"curies":[{"name":"wp","href":"https:\/\/api.w.org\/{rel}","templated":true}]}}