{"id":37995,"date":"2026-04-29T21:25:59","date_gmt":"2026-04-30T01:25:59","guid":{"rendered":"https:\/\/www.pedroandretta.info\/index\/?p=37995"},"modified":"2026-04-29T21:26:01","modified_gmt":"2026-04-30T01:26:01","slug":"bibliotecas-multiculturais-e-o-comportamento-informacional-dos-povos-indigenas-terena-entrevista-com-lilian-teixeira-divulga-ci","status":"publish","type":"post","link":"https:\/\/www.pedroandretta.info\/index\/2026\/04\/bibliotecas-multiculturais-e-o-comportamento-informacional-dos-povos-indigenas-terena-entrevista-com-lilian-teixeira-divulga-ci\/","title":{"rendered":"Bibliotecas multiculturais e o comportamento informacional dos povos ind\u00edgenas Terena \u2013 Entrevista com Lilian Teixeira \/ Divulga-CI"},"content":{"rendered":"\n<p><strong>Bibliotecas multiculturais e o comportamento informacional dos povos ind\u00edgenas Terena \u2013 Entrevista com Lilian Teixeira \/ Divulga-CI<\/strong><\/p>\n\n\n\n<p>Confira nossa entrevista com a bibliotec\u00e1ria e pesquisadora Lilian Aguilar Teixeira, doutora em Ci\u00eancia da Informa\u00e7\u00e3o pela Universidade de Coimbra. Em sua tese, Lilian investigou o comportamento informacional do povo ind\u00edgena Terena, com o objetivo de propor um modelo de biblioteca multicultural alinhado \u00e0s necessidades da comunidade. Na entrevista, conhe\u00e7a o processo de desenvolvimento da pesquisa e as contribui\u00e7\u00f5es da pesquisadora.<\/p>\n\n\n\n<p>#PovosInd\u00edgenas #CoInfo #BibliotecasMulticulturais<\/p>\n\n\n\n<p>Dispon\u00edvel em: <a href=\"https:\/\/www.divulgaci.labci.online\/v-4-n-04-abr-2026\/bibliotecas-multiculturais-e-o-comportamento-informacional-dos-povos-indigenas-terena-entrevista-com-lilian-teixeira\/\">https:\/\/www.divulgaci.labci.online\/v-4-n-04-abr-2026\/bibliotecas-multiculturais-e-o-comportamento-informacional-dos-povos-indigenas-terena-entrevista-com-lilian-teixeira\/<\/a><\/p>\n\n\n\n<figure class=\"wp-block-image size-large\"><img data-recalc-dims=\"1\" decoding=\"async\" width=\"417\" height=\"600\" src=\"https:\/\/i0.wp.com\/www.pedroandretta.info\/index\/wp-content\/uploads\/2026\/04\/image-136.png?resize=417%2C600&#038;ssl=1\" alt=\"\" class=\"wp-image-37996\" srcset=\"https:\/\/i0.wp.com\/www.pedroandretta.info\/index\/wp-content\/uploads\/2026\/04\/image-136.png?resize=417%2C600&amp;ssl=1 417w, https:\/\/i0.wp.com\/www.pedroandretta.info\/index\/wp-content\/uploads\/2026\/04\/image-136.png?resize=209%2C300&amp;ssl=1 209w, https:\/\/i0.wp.com\/www.pedroandretta.info\/index\/wp-content\/uploads\/2026\/04\/image-136.png?w=581&amp;ssl=1 581w\" sizes=\"(max-width: 417px) 100vw, 417px\" \/><\/figure>\n","protected":false},"excerpt":{"rendered":"<p>Bibliotecas multiculturais e o comportamento informacional dos povos ind\u00edgenas Terena \u2013 Entrevista com Lilian Teixeira \/ Divulga-CI Confira nossa entrevista com a bibliotec\u00e1ria e pesquisadora Lilian Aguilar Teixeira, doutora em Ci\u00eancia da Informa\u00e7\u00e3o pela Universidade de Coimbra. Em sua tese, Lilian investigou o comportamento informacional do povo ind\u00edgena Terena, com o objetivo de propor um<\/p><\/div>\n<div class=\"blog-btn\"><a href=\"https:\/\/www.pedroandretta.info\/index\/2026\/04\/bibliotecas-multiculturais-e-o-comportamento-informacional-dos-povos-indigenas-terena-entrevista-com-lilian-teixeira-divulga-ci\/\" class=\"home-blog-btn\">Ler mais<\/a><\/p>\n","protected":false},"author":1,"featured_media":0,"comment_status":"open","ping_status":"open","sticky":false,"template":"","format":"standard","meta":{"_jetpack_memberships_contains_paid_content":false,"footnotes":"","jetpack_publicize_message":"","jetpack_publicize_feature_enabled":true,"jetpack_social_post_already_shared":true,"jetpack_social_options":{"image_generator_settings":{"template":"highway","default_image_id":0,"font":"","enabled":false},"version":2}},"categories":[21],"tags":[46,601,2700],"class_list":["post-37995","post","type-post","status-publish","format-standard","hentry","category-informeci","tag-coinfo","tag-entrevista","tag-povosindigenas"],"jetpack_publicize_connections":[],"jetpack_featured_media_url":"","views":"","jetpack_sharing_enabled":true,"_links":{"self":[{"href":"https:\/\/www.pedroandretta.info\/index\/wp-json\/wp\/v2\/posts\/37995","targetHints":{"allow":["GET"]}}],"collection":[{"href":"https:\/\/www.pedroandretta.info\/index\/wp-json\/wp\/v2\/posts"}],"about":[{"href":"https:\/\/www.pedroandretta.info\/index\/wp-json\/wp\/v2\/types\/post"}],"author":[{"embeddable":true,"href":"https:\/\/www.pedroandretta.info\/index\/wp-json\/wp\/v2\/users\/1"}],"replies":[{"embeddable":true,"href":"https:\/\/www.pedroandretta.info\/index\/wp-json\/wp\/v2\/comments?post=37995"}],"version-history":[{"count":1,"href":"https:\/\/www.pedroandretta.info\/index\/wp-json\/wp\/v2\/posts\/37995\/revisions"}],"predecessor-version":[{"id":37997,"href":"https:\/\/www.pedroandretta.info\/index\/wp-json\/wp\/v2\/posts\/37995\/revisions\/37997"}],"wp:attachment":[{"href":"https:\/\/www.pedroandretta.info\/index\/wp-json\/wp\/v2\/media?parent=37995"}],"wp:term":[{"taxonomy":"category","embeddable":true,"href":"https:\/\/www.pedroandretta.info\/index\/wp-json\/wp\/v2\/categories?post=37995"},{"taxonomy":"post_tag","embeddable":true,"href":"https:\/\/www.pedroandretta.info\/index\/wp-json\/wp\/v2\/tags?post=37995"}],"curies":[{"name":"wp","href":"https:\/\/api.w.org\/{rel}","templated":true}]}}