{"id":38011,"date":"2026-04-30T17:34:09","date_gmt":"2026-04-30T21:34:09","guid":{"rendered":"https:\/\/www.pedroandretta.info\/index\/?p=38011"},"modified":"2026-04-30T17:34:12","modified_gmt":"2026-04-30T21:34:12","slug":"humanidades-digitais-e-estudos-classicos-ferramentas-de-difusao-e-construcao-do-conhecimento-historico-revista-brasileira-de-historia","status":"publish","type":"post","link":"https:\/\/www.pedroandretta.info\/index\/2026\/04\/humanidades-digitais-e-estudos-classicos-ferramentas-de-difusao-e-construcao-do-conhecimento-historico-revista-brasileira-de-historia\/","title":{"rendered":"Humanidades digitais e estudos cl\u00e1ssicos: ferramentas de difus\u00e3o e constru\u00e7\u00e3o do conhecimento hist\u00f3rico \/ Revista Brasileira de Hist\u00f3ria"},"content":{"rendered":"\n<p><strong>Humanidades digitais e estudos cl\u00e1ssicos: ferramentas de difus\u00e3o e constru\u00e7\u00e3o do conhecimento hist\u00f3rico \/ Revista Brasileira de Hist\u00f3ria<\/strong><\/p>\n\n\n\n<p>As Humanidades Digitais, enquanto campo interdisciplinar, t\u00eam se consolidado como um motor de transforma\u00e7\u00e3o nas pr\u00e1ticas de pesquisa e ensino em Hist\u00f3ria e Estudos Cl\u00e1ssicos. A integra\u00e7\u00e3o entre tecnologias digitais e ci\u00eancias humanas n\u00e3o apenas catalisa o acesso e a dissemina\u00e7\u00e3o de fontes, mas fundamentalmente reformula nossa compreens\u00e3o e constru\u00e7\u00e3o do conhecimento hist\u00f3rico. Gardiner e Musto (2015) chegam a comparar essas mudan\u00e7as a revolu\u00e7\u00f5es epistemol\u00f3gicas de grande porte, como a advinda da imprensa de Gutenberg, alterando de forma substancial a rela\u00e7\u00e3o dos estudiosos com os textos e as fontes. Contudo, essa \u201cvirada digital\u201d tamb\u00e9m se configura como um terreno f\u00e9rtil para debates complexos sobre sua natureza, seus limites e seu impacto profundo nas pr\u00f3prias bases das humanidades.<\/p>\n\n\n\n<p>#HumanidadesDigitais<\/p>\n\n\n\n<p>Dispon\u00edvel em: <a href=\"https:\/\/doi.org\/10.1590\/1806-93472025v45n99-12\">https:\/\/doi.org\/10.1590\/1806-93472025v45n99-12<\/a><\/p>\n\n\n\n<figure class=\"wp-block-image size-large\"><img data-recalc-dims=\"1\" decoding=\"async\" width=\"386\" height=\"600\" src=\"https:\/\/i0.wp.com\/www.pedroandretta.info\/index\/wp-content\/uploads\/2026\/04\/image-141.png?resize=386%2C600&#038;ssl=1\" alt=\"\" class=\"wp-image-38012\" srcset=\"https:\/\/i0.wp.com\/www.pedroandretta.info\/index\/wp-content\/uploads\/2026\/04\/image-141.png?resize=386%2C600&amp;ssl=1 386w, https:\/\/i0.wp.com\/www.pedroandretta.info\/index\/wp-content\/uploads\/2026\/04\/image-141.png?resize=193%2C300&amp;ssl=1 193w, https:\/\/i0.wp.com\/www.pedroandretta.info\/index\/wp-content\/uploads\/2026\/04\/image-141.png?w=519&amp;ssl=1 519w\" sizes=\"(max-width: 386px) 100vw, 386px\" \/><\/figure>\n","protected":false},"excerpt":{"rendered":"<p>Humanidades digitais e estudos cl\u00e1ssicos: ferramentas de difus\u00e3o e constru\u00e7\u00e3o do conhecimento hist\u00f3rico \/ Revista Brasileira de Hist\u00f3ria As Humanidades Digitais, enquanto campo interdisciplinar, t\u00eam se consolidado como um motor de transforma\u00e7\u00e3o nas pr\u00e1ticas de pesquisa e ensino em Hist\u00f3ria e Estudos Cl\u00e1ssicos. A integra\u00e7\u00e3o entre tecnologias digitais e ci\u00eancias humanas n\u00e3o apenas catalisa o<\/p><\/div>\n<div class=\"blog-btn\"><a href=\"https:\/\/www.pedroandretta.info\/index\/2026\/04\/humanidades-digitais-e-estudos-classicos-ferramentas-de-difusao-e-construcao-do-conhecimento-historico-revista-brasileira-de-historia\/\" class=\"home-blog-btn\">Ler mais<\/a><\/p>\n","protected":false},"author":1,"featured_media":0,"comment_status":"open","ping_status":"open","sticky":false,"template":"","format":"standard","meta":{"_jetpack_memberships_contains_paid_content":false,"footnotes":"","jetpack_publicize_message":"","jetpack_publicize_feature_enabled":true,"jetpack_social_post_already_shared":true,"jetpack_social_options":{"image_generator_settings":{"template":"highway","default_image_id":0,"font":"","enabled":false},"version":2}},"categories":[21],"tags":[32],"class_list":["post-38011","post","type-post","status-publish","format-standard","hentry","category-informeci","tag-humanidadesdigitais"],"jetpack_publicize_connections":[],"jetpack_featured_media_url":"","views":"","jetpack_sharing_enabled":true,"_links":{"self":[{"href":"https:\/\/www.pedroandretta.info\/index\/wp-json\/wp\/v2\/posts\/38011","targetHints":{"allow":["GET"]}}],"collection":[{"href":"https:\/\/www.pedroandretta.info\/index\/wp-json\/wp\/v2\/posts"}],"about":[{"href":"https:\/\/www.pedroandretta.info\/index\/wp-json\/wp\/v2\/types\/post"}],"author":[{"embeddable":true,"href":"https:\/\/www.pedroandretta.info\/index\/wp-json\/wp\/v2\/users\/1"}],"replies":[{"embeddable":true,"href":"https:\/\/www.pedroandretta.info\/index\/wp-json\/wp\/v2\/comments?post=38011"}],"version-history":[{"count":1,"href":"https:\/\/www.pedroandretta.info\/index\/wp-json\/wp\/v2\/posts\/38011\/revisions"}],"predecessor-version":[{"id":38013,"href":"https:\/\/www.pedroandretta.info\/index\/wp-json\/wp\/v2\/posts\/38011\/revisions\/38013"}],"wp:attachment":[{"href":"https:\/\/www.pedroandretta.info\/index\/wp-json\/wp\/v2\/media?parent=38011"}],"wp:term":[{"taxonomy":"category","embeddable":true,"href":"https:\/\/www.pedroandretta.info\/index\/wp-json\/wp\/v2\/categories?post=38011"},{"taxonomy":"post_tag","embeddable":true,"href":"https:\/\/www.pedroandretta.info\/index\/wp-json\/wp\/v2\/tags?post=38011"}],"curies":[{"name":"wp","href":"https:\/\/api.w.org\/{rel}","templated":true}]}}