{"id":38017,"date":"2026-05-01T17:07:44","date_gmt":"2026-05-01T21:07:44","guid":{"rendered":"https:\/\/www.pedroandretta.info\/index\/?p=38017"},"modified":"2026-05-01T17:07:46","modified_gmt":"2026-05-01T21:07:46","slug":"universidades-federais-expandem-formacao-cientifica-sob-pressao-financeira-jornal-da-ciencia","status":"publish","type":"post","link":"https:\/\/www.pedroandretta.info\/index\/2026\/05\/universidades-federais-expandem-formacao-cientifica-sob-pressao-financeira-jornal-da-ciencia\/","title":{"rendered":"Universidades federais expandem forma\u00e7\u00e3o cient\u00edfica sob press\u00e3o financeira \/ Jornal da Ci\u00eancia"},"content":{"rendered":"\n<p><strong>Universidades federais expandem forma\u00e7\u00e3o cient\u00edfica sob press\u00e3o financeira \/ Jornal da Ci\u00eancia<\/strong><\/p>\n\n\n\n<p>Os dados apontaram um descompasso entre expans\u00e3o e financiamento: entre 2014 e 2023, os recursos destinados \u00e0s universidades federais recuaram 4% \u2013 em algumas universidades, essa redu\u00e7\u00e3o foi muito maior, chegando a 24%, como na Universidade de Bras\u00edlia \u2013 &nbsp;enquanto as matr\u00edculas na p\u00f3s-gradua\u00e7\u00e3o&nbsp;<em>stricto sensu<\/em>&nbsp;cresceram 44,6% na d\u00e9cada analisada.<\/p>\n\n\n\n<p>O estudo tamb\u00e9m revela que o per\u00edodo de maior queda no fluxo de recursos foi entre 2017 e 2021, com cortes de quase 42%, com rela\u00e7\u00e3o a 2014. De 2022 a 2024, observa-se um movimento gradual de recupera\u00e7\u00e3o, de R$6,46 bilh\u00f5es, para R$ 9,3 bi \u2013 por\u00e9m, 2024 ainda se encerrou com quase um montante de despesas liquidadas quase 15% abaixo do que em 2014.<\/p>\n\n\n\n<p>#UniversidadesP\u00fablicas #Ci\u00eanciaBrasileira #P\u00f3sGradua\u00e7\u00e3o<\/p>\n\n\n\n<p>Dispon\u00edvel em: <a href=\"https:\/\/www.jornaldaciencia.org.br\/universidades-federais-expandem-formacao-cientifica-sob-pressao-financeira\/\">https:\/\/www.jornaldaciencia.org.br\/universidades-federais-expandem-formacao-cientifica-sob-pressao-financeira\/<\/a><\/p>\n\n\n\n<figure class=\"wp-block-image size-large\"><img data-recalc-dims=\"1\" decoding=\"async\" width=\"411\" height=\"600\" src=\"https:\/\/i0.wp.com\/www.pedroandretta.info\/index\/wp-content\/uploads\/2026\/05\/image.png?resize=411%2C600&#038;ssl=1\" alt=\"\" class=\"wp-image-38018\" srcset=\"https:\/\/i0.wp.com\/www.pedroandretta.info\/index\/wp-content\/uploads\/2026\/05\/image.png?resize=411%2C600&amp;ssl=1 411w, https:\/\/i0.wp.com\/www.pedroandretta.info\/index\/wp-content\/uploads\/2026\/05\/image.png?resize=205%2C300&amp;ssl=1 205w, https:\/\/i0.wp.com\/www.pedroandretta.info\/index\/wp-content\/uploads\/2026\/05\/image.png?w=506&amp;ssl=1 506w\" sizes=\"(max-width: 411px) 100vw, 411px\" \/><\/figure>\n","protected":false},"excerpt":{"rendered":"<p>Universidades federais expandem forma\u00e7\u00e3o cient\u00edfica sob press\u00e3o financeira \/ Jornal da Ci\u00eancia Os dados apontaram um descompasso entre expans\u00e3o e financiamento: entre 2014 e 2023, os recursos destinados \u00e0s universidades federais recuaram 4% \u2013 em algumas universidades, essa redu\u00e7\u00e3o foi muito maior, chegando a 24%, como na Universidade de Bras\u00edlia \u2013 &nbsp;enquanto as matr\u00edculas na<\/p><\/div>\n<div class=\"blog-btn\"><a href=\"https:\/\/www.pedroandretta.info\/index\/2026\/05\/universidades-federais-expandem-formacao-cientifica-sob-pressao-financeira-jornal-da-ciencia\/\" class=\"home-blog-btn\">Ler mais<\/a><\/p>\n","protected":false},"author":1,"featured_media":0,"comment_status":"open","ping_status":"open","sticky":false,"template":"","format":"standard","meta":{"_jetpack_memberships_contains_paid_content":false,"footnotes":"","jetpack_publicize_message":"","jetpack_publicize_feature_enabled":true,"jetpack_social_post_already_shared":true,"jetpack_social_options":{"image_generator_settings":{"template":"highway","default_image_id":0,"font":"","enabled":false},"version":2}},"categories":[21],"tags":[2422,1192,819],"class_list":["post-38017","post","type-post","status-publish","format-standard","hentry","category-informeci","tag-cienciabrasileira","tag-posgraduacao","tag-universidadespublicas"],"jetpack_publicize_connections":[],"jetpack_featured_media_url":"","views":"","jetpack_sharing_enabled":true,"_links":{"self":[{"href":"https:\/\/www.pedroandretta.info\/index\/wp-json\/wp\/v2\/posts\/38017","targetHints":{"allow":["GET"]}}],"collection":[{"href":"https:\/\/www.pedroandretta.info\/index\/wp-json\/wp\/v2\/posts"}],"about":[{"href":"https:\/\/www.pedroandretta.info\/index\/wp-json\/wp\/v2\/types\/post"}],"author":[{"embeddable":true,"href":"https:\/\/www.pedroandretta.info\/index\/wp-json\/wp\/v2\/users\/1"}],"replies":[{"embeddable":true,"href":"https:\/\/www.pedroandretta.info\/index\/wp-json\/wp\/v2\/comments?post=38017"}],"version-history":[{"count":1,"href":"https:\/\/www.pedroandretta.info\/index\/wp-json\/wp\/v2\/posts\/38017\/revisions"}],"predecessor-version":[{"id":38019,"href":"https:\/\/www.pedroandretta.info\/index\/wp-json\/wp\/v2\/posts\/38017\/revisions\/38019"}],"wp:attachment":[{"href":"https:\/\/www.pedroandretta.info\/index\/wp-json\/wp\/v2\/media?parent=38017"}],"wp:term":[{"taxonomy":"category","embeddable":true,"href":"https:\/\/www.pedroandretta.info\/index\/wp-json\/wp\/v2\/categories?post=38017"},{"taxonomy":"post_tag","embeddable":true,"href":"https:\/\/www.pedroandretta.info\/index\/wp-json\/wp\/v2\/tags?post=38017"}],"curies":[{"name":"wp","href":"https:\/\/api.w.org\/{rel}","templated":true}]}}