{"id":38027,"date":"2026-05-01T17:19:15","date_gmt":"2026-05-01T21:19:15","guid":{"rendered":"https:\/\/www.pedroandretta.info\/index\/?p=38027"},"modified":"2026-05-01T17:19:16","modified_gmt":"2026-05-01T21:19:16","slug":"periodicos-da-universidade-federal-fluminense-ciencia-e-memoria-institucional-do-impresso-ao-eletronico-acervo","status":"publish","type":"post","link":"https:\/\/www.pedroandretta.info\/index\/2026\/05\/periodicos-da-universidade-federal-fluminense-ciencia-e-memoria-institucional-do-impresso-ao-eletronico-acervo\/","title":{"rendered":"Peri\u00f3dicos da Universidade Federal Fluminense: ci\u00eancia e mem\u00f3ria institucional, do impresso ao eletr\u00f4nico \/ Acervo"},"content":{"rendered":"\n<p><strong>Peri\u00f3dicos da Universidade Federal Fluminense: ci\u00eancia e mem\u00f3ria institucional, do impresso ao eletr\u00f4nico \/ Acervo<\/strong><\/p>\n\n\n\n<p>Os peri\u00f3dicos cient\u00edficos s\u00e3o fundamentais para a comunica\u00e7\u00e3o e a preserva\u00e7\u00e3o da mem\u00f3ria acad\u00eamica. Este estudo analisa a trajet\u00f3ria dos peri\u00f3dicos da Universidade Federal Fluminense, com foco em seu portal de peri\u00f3dicos. A pesquisa bibliogr\u00e1fica e a an\u00e1lise documental revelaram avan\u00e7os na comunica\u00e7\u00e3o cient\u00edfica, como a ado\u00e7\u00e3o do formato eletr\u00f4nico e do fluxo cont\u00ednuo. Conclui-se que o portal fortalece a mem\u00f3ria institucional e amplia a visibilidade da produ\u00e7\u00e3o acad\u00eamica.<\/p>\n\n\n\n<p>#Peri\u00f3dicos<\/p>\n\n\n\n<p>Dispon\u00edvel em: <a href=\"https:\/\/revista.an.gov.br\/index.php\/revistaacervo\/article\/view\/2786\">https:\/\/revista.an.gov.br\/index.php\/revistaacervo\/article\/view\/2786<\/a><\/p>\n\n\n\n<figure class=\"wp-block-image size-large\"><img data-recalc-dims=\"1\" decoding=\"async\" width=\"474\" height=\"600\" src=\"https:\/\/i0.wp.com\/www.pedroandretta.info\/index\/wp-content\/uploads\/2026\/05\/image-2.png?resize=474%2C600&#038;ssl=1\" alt=\"\" class=\"wp-image-38028\" srcset=\"https:\/\/i0.wp.com\/www.pedroandretta.info\/index\/wp-content\/uploads\/2026\/05\/image-2.png?resize=474%2C600&amp;ssl=1 474w, https:\/\/i0.wp.com\/www.pedroandretta.info\/index\/wp-content\/uploads\/2026\/05\/image-2.png?resize=237%2C300&amp;ssl=1 237w, https:\/\/i0.wp.com\/www.pedroandretta.info\/index\/wp-content\/uploads\/2026\/05\/image-2.png?w=584&amp;ssl=1 584w\" sizes=\"(max-width: 474px) 100vw, 474px\" \/><\/figure>\n","protected":false},"excerpt":{"rendered":"<p>Peri\u00f3dicos da Universidade Federal Fluminense: ci\u00eancia e mem\u00f3ria institucional, do impresso ao eletr\u00f4nico \/ Acervo Os peri\u00f3dicos cient\u00edficos s\u00e3o fundamentais para a comunica\u00e7\u00e3o e a preserva\u00e7\u00e3o da mem\u00f3ria acad\u00eamica. Este estudo analisa a trajet\u00f3ria dos peri\u00f3dicos da Universidade Federal Fluminense, com foco em seu portal de peri\u00f3dicos. A pesquisa bibliogr\u00e1fica e a an\u00e1lise documental revelaram<\/p><\/div>\n<div class=\"blog-btn\"><a href=\"https:\/\/www.pedroandretta.info\/index\/2026\/05\/periodicos-da-universidade-federal-fluminense-ciencia-e-memoria-institucional-do-impresso-ao-eletronico-acervo\/\" class=\"home-blog-btn\">Ler mais<\/a><\/p>\n","protected":false},"author":1,"featured_media":0,"comment_status":"open","ping_status":"open","sticky":false,"template":"","format":"standard","meta":{"_jetpack_memberships_contains_paid_content":false,"footnotes":"","jetpack_publicize_message":"","jetpack_publicize_feature_enabled":true,"jetpack_social_post_already_shared":true,"jetpack_social_options":{"image_generator_settings":{"template":"highway","default_image_id":0,"font":"","enabled":false},"version":2}},"categories":[21],"tags":[243],"class_list":["post-38027","post","type-post","status-publish","format-standard","hentry","category-informeci","tag-periodicos"],"jetpack_publicize_connections":[],"jetpack_featured_media_url":"","views":"","jetpack_sharing_enabled":true,"_links":{"self":[{"href":"https:\/\/www.pedroandretta.info\/index\/wp-json\/wp\/v2\/posts\/38027","targetHints":{"allow":["GET"]}}],"collection":[{"href":"https:\/\/www.pedroandretta.info\/index\/wp-json\/wp\/v2\/posts"}],"about":[{"href":"https:\/\/www.pedroandretta.info\/index\/wp-json\/wp\/v2\/types\/post"}],"author":[{"embeddable":true,"href":"https:\/\/www.pedroandretta.info\/index\/wp-json\/wp\/v2\/users\/1"}],"replies":[{"embeddable":true,"href":"https:\/\/www.pedroandretta.info\/index\/wp-json\/wp\/v2\/comments?post=38027"}],"version-history":[{"count":1,"href":"https:\/\/www.pedroandretta.info\/index\/wp-json\/wp\/v2\/posts\/38027\/revisions"}],"predecessor-version":[{"id":38029,"href":"https:\/\/www.pedroandretta.info\/index\/wp-json\/wp\/v2\/posts\/38027\/revisions\/38029"}],"wp:attachment":[{"href":"https:\/\/www.pedroandretta.info\/index\/wp-json\/wp\/v2\/media?parent=38027"}],"wp:term":[{"taxonomy":"category","embeddable":true,"href":"https:\/\/www.pedroandretta.info\/index\/wp-json\/wp\/v2\/categories?post=38027"},{"taxonomy":"post_tag","embeddable":true,"href":"https:\/\/www.pedroandretta.info\/index\/wp-json\/wp\/v2\/tags?post=38027"}],"curies":[{"name":"wp","href":"https:\/\/api.w.org\/{rel}","templated":true}]}}