{"id":38042,"date":"2026-05-03T07:29:49","date_gmt":"2026-05-03T11:29:49","guid":{"rendered":"https:\/\/www.pedroandretta.info\/index\/?p=38042"},"modified":"2026-05-02T07:34:02","modified_gmt":"2026-05-02T11:34:02","slug":"as-escolas-deveriam-suspender-a-ia-essa-e-a-pergunta-que-nao-podemos-ignorar-agora-the-ai-school-librarians-newsletter","status":"publish","type":"post","link":"https:\/\/www.pedroandretta.info\/index\/2026\/05\/as-escolas-deveriam-suspender-a-ia-essa-e-a-pergunta-que-nao-podemos-ignorar-agora-the-ai-school-librarians-newsletter\/","title":{"rendered":"As escolas deveriam suspender a IA? Essa \u00e9 a pergunta que n\u00e3o podemos ignorar agora \/ The AI School Librarians Newsletter"},"content":{"rendered":"\n<p><strong>As escolas deveriam suspender a IA? Essa \u00e9 a pergunta que n\u00e3o podemos ignorar agora \/ The AI School Librarians Newsletter<\/strong><\/p>\n\n\n\n<p>Uma coaliz\u00e3o liderada pela Fairplay pediu uma pausa de cinco anos no uso de IA generativa nas escolas. Trata-se de um dos maiores desafios p\u00fablicos \u00e0 IA na educa\u00e7\u00e3o at\u00e9 o momento, e certamente mudar\u00e1 o rumo do debate. A verdadeira quest\u00e3o n\u00e3o \u00e9 apenas se eles est\u00e3o certos. \u00c9 se as escolas est\u00e3o avan\u00e7ando mais r\u00e1pido do que conseguem acompanhar. (&#8230;)<\/p>\n\n\n\n<p>Uma pausa completa de cinco anos torna a proposta mais dif\u00edcil de apoiar. Uma pausa n\u00e3o impede os alunos de usarem IA. Ela apenas a remove dos espa\u00e7os onde os adultos podem orientar seu uso. Os alunos j\u00e1 interagem com essas ferramentas fora da escola, e isso n\u00e3o vai mudar. Evitar a IA na escola n\u00e3o prepara os alunos para um mundo onde ela est\u00e1 cada vez mais presente. Isso cria uma lacuna entre o que os alunos vivenciam em seu dia a dia e o que aprendem em sala de aula.<\/p>\n\n\n\n<p>#Escolas #IA #EnsinoEAprendizagem #IALiteracy<\/p>\n\n\n\n<p>Dispon\u00edvel em: <a href=\"https:\/\/aischoollibrarian.substack.com\/p\/should-schools-pause-ai-the-question\">https:\/\/aischoollibrarian.substack.com\/p\/should-schools-pause-ai-the-question<\/a><\/p>\n\n\n\n<figure class=\"wp-block-image size-large\"><img data-recalc-dims=\"1\" decoding=\"async\" width=\"600\" height=\"325\" src=\"https:\/\/i0.wp.com\/www.pedroandretta.info\/index\/wp-content\/uploads\/2026\/05\/image-6.png?resize=600%2C325&#038;ssl=1\" alt=\"\" class=\"wp-image-38043\" srcset=\"https:\/\/i0.wp.com\/www.pedroandretta.info\/index\/wp-content\/uploads\/2026\/05\/image-6.png?resize=600%2C325&amp;ssl=1 600w, https:\/\/i0.wp.com\/www.pedroandretta.info\/index\/wp-content\/uploads\/2026\/05\/image-6.png?resize=300%2C162&amp;ssl=1 300w, https:\/\/i0.wp.com\/www.pedroandretta.info\/index\/wp-content\/uploads\/2026\/05\/image-6.png?resize=768%2C416&amp;ssl=1 768w, https:\/\/i0.wp.com\/www.pedroandretta.info\/index\/wp-content\/uploads\/2026\/05\/image-6.png?resize=1536%2C832&amp;ssl=1 1536w, https:\/\/i0.wp.com\/www.pedroandretta.info\/index\/wp-content\/uploads\/2026\/05\/image-6.png?resize=1320%2C715&amp;ssl=1 1320w, https:\/\/i0.wp.com\/www.pedroandretta.info\/index\/wp-content\/uploads\/2026\/05\/image-6.png?w=1555&amp;ssl=1 1555w, https:\/\/i0.wp.com\/www.pedroandretta.info\/index\/wp-content\/uploads\/2026\/05\/image-6.png?w=1392&amp;ssl=1 1392w\" sizes=\"(max-width: 600px) 100vw, 600px\" \/><\/figure>\n","protected":false},"excerpt":{"rendered":"<p>As escolas deveriam suspender a IA? Essa \u00e9 a pergunta que n\u00e3o podemos ignorar agora \/ The AI School Librarians Newsletter Uma coaliz\u00e3o liderada pela Fairplay pediu uma pausa de cinco anos no uso de IA generativa nas escolas. Trata-se de um dos maiores desafios p\u00fablicos \u00e0 IA na educa\u00e7\u00e3o at\u00e9 o momento, e certamente<\/p><\/div>\n<div class=\"blog-btn\"><a href=\"https:\/\/www.pedroandretta.info\/index\/2026\/05\/as-escolas-deveriam-suspender-a-ia-essa-e-a-pergunta-que-nao-podemos-ignorar-agora-the-ai-school-librarians-newsletter\/\" class=\"home-blog-btn\">Ler mais<\/a><\/p>\n","protected":false},"author":1,"featured_media":0,"comment_status":"open","ping_status":"open","sticky":false,"template":"","format":"standard","meta":{"_jetpack_memberships_contains_paid_content":false,"footnotes":"","jetpack_publicize_message":"","jetpack_publicize_feature_enabled":true,"jetpack_social_post_already_shared":true,"jetpack_social_options":{"image_generator_settings":{"template":"highway","default_image_id":0,"font":"","enabled":false},"version":2}},"categories":[21],"tags":[2615,81,3942,1994],"class_list":["post-38042","post","type-post","status-publish","format-standard","hentry","category-informeci","tag-ensinoeaprendizagem","tag-escolas","tag-ialiteracy","tag-inteligenciaartificial"],"jetpack_publicize_connections":[],"jetpack_featured_media_url":"","views":"","jetpack_sharing_enabled":true,"_links":{"self":[{"href":"https:\/\/www.pedroandretta.info\/index\/wp-json\/wp\/v2\/posts\/38042","targetHints":{"allow":["GET"]}}],"collection":[{"href":"https:\/\/www.pedroandretta.info\/index\/wp-json\/wp\/v2\/posts"}],"about":[{"href":"https:\/\/www.pedroandretta.info\/index\/wp-json\/wp\/v2\/types\/post"}],"author":[{"embeddable":true,"href":"https:\/\/www.pedroandretta.info\/index\/wp-json\/wp\/v2\/users\/1"}],"replies":[{"embeddable":true,"href":"https:\/\/www.pedroandretta.info\/index\/wp-json\/wp\/v2\/comments?post=38042"}],"version-history":[{"count":1,"href":"https:\/\/www.pedroandretta.info\/index\/wp-json\/wp\/v2\/posts\/38042\/revisions"}],"predecessor-version":[{"id":38044,"href":"https:\/\/www.pedroandretta.info\/index\/wp-json\/wp\/v2\/posts\/38042\/revisions\/38044"}],"wp:attachment":[{"href":"https:\/\/www.pedroandretta.info\/index\/wp-json\/wp\/v2\/media?parent=38042"}],"wp:term":[{"taxonomy":"category","embeddable":true,"href":"https:\/\/www.pedroandretta.info\/index\/wp-json\/wp\/v2\/categories?post=38042"},{"taxonomy":"post_tag","embeddable":true,"href":"https:\/\/www.pedroandretta.info\/index\/wp-json\/wp\/v2\/tags?post=38042"}],"curies":[{"name":"wp","href":"https:\/\/api.w.org\/{rel}","templated":true}]}}