{"id":38045,"date":"2026-05-03T07:34:13","date_gmt":"2026-05-03T11:34:13","guid":{"rendered":"https:\/\/www.pedroandretta.info\/index\/?p=38045"},"modified":"2026-05-02T07:37:14","modified_gmt":"2026-05-02T11:37:14","slug":"colecionar-expor-e-pesquisar-as-praticas-museais-do-pedagogium-e-dos-museus-brasileiros-dos-sec-xix-e-xx-ppg-mp","status":"publish","type":"post","link":"https:\/\/www.pedroandretta.info\/index\/2026\/05\/colecionar-expor-e-pesquisar-as-praticas-museais-do-pedagogium-e-dos-museus-brasileiros-dos-sec-xix-e-xx-ppg-mp\/","title":{"rendered":"Colecionar, expor e pesquisar? as pr\u00e1ticas museais do pedagogium e dos museus brasileiros dos s\u00e9c. XIX e XX \/ PPG-MP"},"content":{"rendered":"\n<p><strong>Colecionar, expor e pesquisar? as pr\u00e1ticas museais do pedagogium e dos museus brasileiros dos s\u00e9c. XIX e XX \/ PPG-MP<\/strong><\/p>\n\n\n\n<p>A investiga\u00e7\u00e3o evidencia, assim, que o Pedagogium operava segundo a l\u00f3gica a qual foi pensado \u2013 de um centro de instru\u00e7\u00e3o \u2013, distante do movimento cient\u00edfico-naturalista que legitimou o MN e o MP na historiografia tradicional. Sua extin\u00e7\u00e3o em 1919 e a dispers\u00e3o de seu acervo materializam a fragilidade e a descontinuidade das pol\u00edticas culturais e educacionais brasileiras que o sustentam, mas tamb\u00e9m revelam o potencial heur\u00edstico de revisitar o passado museal para compreender as tens\u00f5es entre ci\u00eancia, educa\u00e7\u00e3o e na\u00e7\u00e3o. Nesse sentido, a disserta\u00e7\u00e3o prop\u00f5e uma historiografia museal mais plural, capaz de reconhecer a complexidade e a relev\u00e2ncia de institui\u00e7\u00f5es que, embora silenciadas, foram centrais na constru\u00e7\u00e3o simb\u00f3lica e pedag\u00f3gica da Rep\u00fablica.<\/p>\n\n\n\n<p>#Museus<\/p>\n\n\n\n<p>Dispon\u00edvel em: <a href=\"https:\/\/lume.ufrgs.br\/handle\/10183\/302632\">https:\/\/lume.ufrgs.br\/handle\/10183\/302632<\/a><\/p>\n\n\n\n<figure class=\"wp-block-image size-large\"><img data-recalc-dims=\"1\" decoding=\"async\" width=\"400\" height=\"600\" src=\"https:\/\/i0.wp.com\/www.pedroandretta.info\/index\/wp-content\/uploads\/2026\/05\/image-7.png?resize=400%2C600&#038;ssl=1\" alt=\"\" class=\"wp-image-38046\" srcset=\"https:\/\/i0.wp.com\/www.pedroandretta.info\/index\/wp-content\/uploads\/2026\/05\/image-7.png?resize=400%2C600&amp;ssl=1 400w, https:\/\/i0.wp.com\/www.pedroandretta.info\/index\/wp-content\/uploads\/2026\/05\/image-7.png?resize=200%2C300&amp;ssl=1 200w, https:\/\/i0.wp.com\/www.pedroandretta.info\/index\/wp-content\/uploads\/2026\/05\/image-7.png?w=495&amp;ssl=1 495w\" sizes=\"(max-width: 400px) 100vw, 400px\" \/><\/figure>\n","protected":false},"excerpt":{"rendered":"<p>Colecionar, expor e pesquisar? as pr\u00e1ticas museais do pedagogium e dos museus brasileiros dos s\u00e9c. XIX e XX \/ PPG-MP A investiga\u00e7\u00e3o evidencia, assim, que o Pedagogium operava segundo a l\u00f3gica a qual foi pensado \u2013 de um centro de instru\u00e7\u00e3o \u2013, distante do movimento cient\u00edfico-naturalista que legitimou o MN e o MP na historiografia<\/p><\/div>\n<div class=\"blog-btn\"><a href=\"https:\/\/www.pedroandretta.info\/index\/2026\/05\/colecionar-expor-e-pesquisar-as-praticas-museais-do-pedagogium-e-dos-museus-brasileiros-dos-sec-xix-e-xx-ppg-mp\/\" class=\"home-blog-btn\">Ler mais<\/a><\/p>\n","protected":false},"author":1,"featured_media":0,"comment_status":"open","ping_status":"open","sticky":false,"template":"","format":"standard","meta":{"_jetpack_memberships_contains_paid_content":false,"footnotes":"","jetpack_publicize_message":"","jetpack_publicize_feature_enabled":true,"jetpack_social_post_already_shared":true,"jetpack_social_options":{"image_generator_settings":{"template":"highway","default_image_id":0,"font":"","enabled":false},"version":2}},"categories":[21],"tags":[34],"class_list":["post-38045","post","type-post","status-publish","format-standard","hentry","category-informeci","tag-museus"],"jetpack_publicize_connections":[],"jetpack_featured_media_url":"","views":"","jetpack_sharing_enabled":true,"_links":{"self":[{"href":"https:\/\/www.pedroandretta.info\/index\/wp-json\/wp\/v2\/posts\/38045","targetHints":{"allow":["GET"]}}],"collection":[{"href":"https:\/\/www.pedroandretta.info\/index\/wp-json\/wp\/v2\/posts"}],"about":[{"href":"https:\/\/www.pedroandretta.info\/index\/wp-json\/wp\/v2\/types\/post"}],"author":[{"embeddable":true,"href":"https:\/\/www.pedroandretta.info\/index\/wp-json\/wp\/v2\/users\/1"}],"replies":[{"embeddable":true,"href":"https:\/\/www.pedroandretta.info\/index\/wp-json\/wp\/v2\/comments?post=38045"}],"version-history":[{"count":1,"href":"https:\/\/www.pedroandretta.info\/index\/wp-json\/wp\/v2\/posts\/38045\/revisions"}],"predecessor-version":[{"id":38047,"href":"https:\/\/www.pedroandretta.info\/index\/wp-json\/wp\/v2\/posts\/38045\/revisions\/38047"}],"wp:attachment":[{"href":"https:\/\/www.pedroandretta.info\/index\/wp-json\/wp\/v2\/media?parent=38045"}],"wp:term":[{"taxonomy":"category","embeddable":true,"href":"https:\/\/www.pedroandretta.info\/index\/wp-json\/wp\/v2\/categories?post=38045"},{"taxonomy":"post_tag","embeddable":true,"href":"https:\/\/www.pedroandretta.info\/index\/wp-json\/wp\/v2\/tags?post=38045"}],"curies":[{"name":"wp","href":"https:\/\/api.w.org\/{rel}","templated":true}]}}