{"id":39362,"date":"2026-07-19T15:19:22","date_gmt":"2026-07-19T19:19:22","guid":{"rendered":"https:\/\/www.pedroandretta.info\/index\/?p=39362"},"modified":"2026-07-19T15:19:25","modified_gmt":"2026-07-19T19:19:25","slug":"o-pacote-retorico-do-odio-a-formula-que-faz-a-desinformacao-viralizar-nas-redes-sociais-newtral","status":"publish","type":"post","link":"https:\/\/www.pedroandretta.info\/index\/2026\/07\/o-pacote-retorico-do-odio-a-formula-que-faz-a-desinformacao-viralizar-nas-redes-sociais-newtral\/","title":{"rendered":"O \u201cpacote ret\u00f3rico\u201d do \u00f3dio: a f\u00f3rmula que faz a desinforma\u00e7\u00e3o viralizar nas redes sociais \/ NewTral"},"content":{"rendered":"\n<p><strong>O \u201cpacote ret\u00f3rico\u201d do \u00f3dio: a f\u00f3rmula que faz a desinforma\u00e7\u00e3o viralizar nas redes sociais \/ NewTral<\/strong><\/p>\n\n\n\n<p>O resultado \u00e9 a identifica\u00e7\u00e3o de um &#8220;pacote ret\u00f3rico&#8221; recorrente de mecanismos psicol\u00f3gicos que aparece sistematicamente em todas as plataformas. A colabora\u00e7\u00e3o tamb\u00e9m possibilitou o desenvolvimento de um modelo de IA robusto e validado que replica os crit\u00e9rios de especialistas. \u00c9 poss\u00edvel equilibrar o tempo necess\u00e1rio para a reflex\u00e3o cient\u00edfica com a agilidade jornal\u00edstica para alcan\u00e7ar resultados metodologicamente fundamentados.<br>&#8211; Esta an\u00e1lise examinou tr\u00eas plataformas de m\u00eddia social \u2014 X (75,4%), Telegram (83,6%) e TikTok (71,4%) \u2014 todas as quais apresentaram resultados semelhantes.<br>&#8211; O per\u00edodo analisado foi de 8 a 24 de julho de 2025.<br>&#8211; Oito categorias de mecanismos psicol\u00f3gicos associados \u00e0 desinforma\u00e7\u00e3o foram estabelecidas e analisadas, como sele\u00e7\u00e3o tendenciosa de dados, efeitos de grupo interno\/externo, desumaniza\u00e7\u00e3o e uso de emo\u00e7\u00f5es.<\/p>\n\n\n\n<p>#DiscursoDe\u00d3dio #Desinforma\u00e7\u00e3o<\/p>\n\n\n\n<p>via NewTral<\/p>\n\n\n\n<p>Dispon\u00edvel em: <a href=\"https:\/\/www.newtral.es\/paquete-retorico-odio-desinformacion-torre-pacheco\/20260713\/?utm_source=substack&amp;utm_medium=email\">https:\/\/www.newtral.es\/paquete-retorico-odio-desinformacion-torre-pacheco\/20260713\/<\/a><\/p>\n\n\n\n<figure class=\"wp-block-image size-large\"><img data-recalc-dims=\"1\" decoding=\"async\" width=\"600\" height=\"261\" src=\"https:\/\/i0.wp.com\/www.pedroandretta.info\/index\/wp-content\/uploads\/2026\/07\/image-78.png?resize=600%2C261&#038;ssl=1\" alt=\"\" class=\"wp-image-39363\" srcset=\"https:\/\/i0.wp.com\/www.pedroandretta.info\/index\/wp-content\/uploads\/2026\/07\/image-78.png?resize=600%2C261&amp;ssl=1 600w, https:\/\/i0.wp.com\/www.pedroandretta.info\/index\/wp-content\/uploads\/2026\/07\/image-78.png?resize=300%2C131&amp;ssl=1 300w, https:\/\/i0.wp.com\/www.pedroandretta.info\/index\/wp-content\/uploads\/2026\/07\/image-78.png?resize=768%2C334&amp;ssl=1 768w, https:\/\/i0.wp.com\/www.pedroandretta.info\/index\/wp-content\/uploads\/2026\/07\/image-78.png?resize=1536%2C669&amp;ssl=1 1536w, https:\/\/i0.wp.com\/www.pedroandretta.info\/index\/wp-content\/uploads\/2026\/07\/image-78.png?resize=1320%2C575&amp;ssl=1 1320w, https:\/\/i0.wp.com\/www.pedroandretta.info\/index\/wp-content\/uploads\/2026\/07\/image-78.png?w=1805&amp;ssl=1 1805w, https:\/\/i0.wp.com\/www.pedroandretta.info\/index\/wp-content\/uploads\/2026\/07\/image-78.png?w=1392&amp;ssl=1 1392w\" sizes=\"(max-width: 600px) 100vw, 600px\" \/><\/figure>\n","protected":false},"excerpt":{"rendered":"<p>O \u201cpacote ret\u00f3rico\u201d do \u00f3dio: a f\u00f3rmula que faz a desinforma\u00e7\u00e3o viralizar nas redes sociais \/ NewTral O resultado \u00e9 a identifica\u00e7\u00e3o de um &#8220;pacote ret\u00f3rico&#8221; recorrente de mecanismos psicol\u00f3gicos que aparece sistematicamente em todas as plataformas. A colabora\u00e7\u00e3o tamb\u00e9m possibilitou o desenvolvimento de um modelo de IA robusto e validado que replica os crit\u00e9rios<\/p><\/div>\n<div class=\"blog-btn\"><a href=\"https:\/\/www.pedroandretta.info\/index\/2026\/07\/o-pacote-retorico-do-odio-a-formula-que-faz-a-desinformacao-viralizar-nas-redes-sociais-newtral\/\" class=\"home-blog-btn\">Ler mais<\/a><\/p>\n","protected":false},"author":1,"featured_media":0,"comment_status":"open","ping_status":"open","sticky":false,"template":"","format":"standard","meta":{"_jetpack_newsletter_access":"","_jetpack_dont_email_post_to_subs":false,"_jetpack_newsletter_tier_id":0,"_jetpack_memberships_contains_paywalled_content":false,"_jetpack_feature_clip_id":0,"_jetpack_memberships_contains_paid_content":false,"footnotes":"","jetpack_publicize_message":"","jetpack_publicize_feature_enabled":true,"jetpack_social_post_already_shared":true,"jetpack_social_options":{"image_generator_settings":{"template":"highway","default_image_id":0,"font":"","enabled":false},"version":2},"jetpack_post_was_ever_published":false},"categories":[21],"tags":[142],"class_list":["post-39362","post","type-post","status-publish","format-standard","hentry","category-informeci","tag-desinformacao"],"jetpack_publicize_connections":[],"jetpack_featured_media_url":"","views":"","jetpack_sharing_enabled":true,"_links":{"self":[{"href":"https:\/\/www.pedroandretta.info\/index\/wp-json\/wp\/v2\/posts\/39362","targetHints":{"allow":["GET"]}}],"collection":[{"href":"https:\/\/www.pedroandretta.info\/index\/wp-json\/wp\/v2\/posts"}],"about":[{"href":"https:\/\/www.pedroandretta.info\/index\/wp-json\/wp\/v2\/types\/post"}],"author":[{"embeddable":true,"href":"https:\/\/www.pedroandretta.info\/index\/wp-json\/wp\/v2\/users\/1"}],"replies":[{"embeddable":true,"href":"https:\/\/www.pedroandretta.info\/index\/wp-json\/wp\/v2\/comments?post=39362"}],"version-history":[{"count":1,"href":"https:\/\/www.pedroandretta.info\/index\/wp-json\/wp\/v2\/posts\/39362\/revisions"}],"predecessor-version":[{"id":39364,"href":"https:\/\/www.pedroandretta.info\/index\/wp-json\/wp\/v2\/posts\/39362\/revisions\/39364"}],"wp:attachment":[{"href":"https:\/\/www.pedroandretta.info\/index\/wp-json\/wp\/v2\/media?parent=39362"}],"wp:term":[{"taxonomy":"category","embeddable":true,"href":"https:\/\/www.pedroandretta.info\/index\/wp-json\/wp\/v2\/categories?post=39362"},{"taxonomy":"post_tag","embeddable":true,"href":"https:\/\/www.pedroandretta.info\/index\/wp-json\/wp\/v2\/tags?post=39362"}],"curies":[{"name":"wp","href":"https:\/\/api.w.org\/{rel}","templated":true}]}}