{"id":39371,"date":"2026-07-19T15:37:34","date_gmt":"2026-07-19T19:37:34","guid":{"rendered":"https:\/\/www.pedroandretta.info\/index\/?p=39371"},"modified":"2026-07-19T15:37:37","modified_gmt":"2026-07-19T19:37:37","slug":"bibliotecas-da-ufrgs-recebem-equipamentos-doados-pela-receita-federal-ufrgs","status":"publish","type":"post","link":"https:\/\/www.pedroandretta.info\/index\/2026\/07\/bibliotecas-da-ufrgs-recebem-equipamentos-doados-pela-receita-federal-ufrgs\/","title":{"rendered":"Bibliotecas da UFRGS recebem equipamentos doados pela Receita Federal \/ UFRGS"},"content":{"rendered":"\n<p><strong>Bibliotecas da UFRGS recebem equipamentos doados pela Receita Federal \/ UFRGS<\/strong><\/p>\n\n\n\n<p>As bibliotecas da UFRGS foram contempladas com notebooks e tablets doados pela Receita Federal do Brasil. A doa\u00e7\u00e3o \u00e9 resultado de um projeto elaborado pela Biblioteca Central e encaminhado pela Reitoria da UFRGS \u00e0 Receita Federal, em 2025, solicitando a destina\u00e7\u00e3o de equipamentos apreendidos para a moderniza\u00e7\u00e3o das bibliotecas da Universidade.<\/p>\n\n\n\n<p>A solicita\u00e7\u00e3o foi atendida, em parte, permitindo a destina\u00e7\u00e3o dos equipamentos \u00e0s bibliotecas da Universidade. Os novos notebooks e tablets fortalecer\u00e3o a infraestrutura tecnol\u00f3gica das 30 bibliotecas que integram o Sistema de Bibliotecas da UFRGS, contribuindo para a amplia\u00e7\u00e3o do acesso a recursos digitais e para a qualifica\u00e7\u00e3o dos servi\u00e7os prestados \u00e0 comunidade universit\u00e1ria. Conforme a diretora da Biblioteca Central, Dirce Santin, a distribui\u00e7\u00e3o ser\u00e1 realizada com base em crit\u00e9rios de equidade, considerando o car\u00e1ter descentralizado do Sistema de Bibliotecas e as comunidades atendidas pelas bibliotecas. A previs\u00e3o \u00e9 que cada biblioteca setorial receba um notebook, assim como o Lume \u2013 Reposit\u00f3rio Digital da UFRGS. Grande parte das bibliotecas tamb\u00e9m ser\u00e1 contemplada com um tablet, enquanto futuras iniciativas poder\u00e3o ampliar a distribui\u00e7\u00e3o para as demais unidades. A Biblioteca Central, respons\u00e1vel pela coordena\u00e7\u00e3o t\u00e9cnica do Sistema de Bibliotecas, tamb\u00e9m receber\u00e1 novos equipamentos.<\/p>\n\n\n\n<p>#Doa\u00e7\u00e3o #UFRGS<\/p>\n\n\n\n<p>Dispon\u00edvel em: <a href=\"https:\/\/www.ufrgs.br\/site\/noticias\/bibliotecas-da-ufrgs-recebem-equipamentos-doados-pela-receita-federal\/\">https:\/\/www.ufrgs.br\/site\/noticias\/bibliotecas-da-ufrgs-recebem-equipamentos-doados-pela-receita-federal\/<\/a><\/p>\n","protected":false},"excerpt":{"rendered":"<p>Bibliotecas da UFRGS recebem equipamentos doados pela Receita Federal \/ UFRGS As bibliotecas da UFRGS foram contempladas com notebooks e tablets doados pela Receita Federal do Brasil. A doa\u00e7\u00e3o \u00e9 resultado de um projeto elaborado pela Biblioteca Central e encaminhado pela Reitoria da UFRGS \u00e0 Receita Federal, em 2025, solicitando a destina\u00e7\u00e3o de equipamentos apreendidos<\/p><\/div>\n<div class=\"blog-btn\"><a href=\"https:\/\/www.pedroandretta.info\/index\/2026\/07\/bibliotecas-da-ufrgs-recebem-equipamentos-doados-pela-receita-federal-ufrgs\/\" class=\"home-blog-btn\">Ler mais<\/a><\/p>\n","protected":false},"author":1,"featured_media":0,"comment_status":"open","ping_status":"open","sticky":false,"template":"","format":"standard","meta":{"_jetpack_newsletter_access":"","_jetpack_dont_email_post_to_subs":false,"_jetpack_newsletter_tier_id":0,"_jetpack_memberships_contains_paywalled_content":false,"_jetpack_feature_clip_id":0,"_jetpack_memberships_contains_paid_content":false,"footnotes":"","jetpack_publicize_message":"","jetpack_publicize_feature_enabled":true,"jetpack_social_post_already_shared":true,"jetpack_social_options":{"image_generator_settings":{"template":"highway","default_image_id":0,"font":"","enabled":false},"version":2},"jetpack_post_was_ever_published":false},"categories":[21],"tags":[1241,2928],"class_list":["post-39371","post","type-post","status-publish","format-standard","hentry","category-informeci","tag-doacao","tag-ufrgs"],"jetpack_publicize_connections":[],"jetpack_featured_media_url":"","views":"","jetpack_sharing_enabled":true,"_links":{"self":[{"href":"https:\/\/www.pedroandretta.info\/index\/wp-json\/wp\/v2\/posts\/39371","targetHints":{"allow":["GET"]}}],"collection":[{"href":"https:\/\/www.pedroandretta.info\/index\/wp-json\/wp\/v2\/posts"}],"about":[{"href":"https:\/\/www.pedroandretta.info\/index\/wp-json\/wp\/v2\/types\/post"}],"author":[{"embeddable":true,"href":"https:\/\/www.pedroandretta.info\/index\/wp-json\/wp\/v2\/users\/1"}],"replies":[{"embeddable":true,"href":"https:\/\/www.pedroandretta.info\/index\/wp-json\/wp\/v2\/comments?post=39371"}],"version-history":[{"count":1,"href":"https:\/\/www.pedroandretta.info\/index\/wp-json\/wp\/v2\/posts\/39371\/revisions"}],"predecessor-version":[{"id":39372,"href":"https:\/\/www.pedroandretta.info\/index\/wp-json\/wp\/v2\/posts\/39371\/revisions\/39372"}],"wp:attachment":[{"href":"https:\/\/www.pedroandretta.info\/index\/wp-json\/wp\/v2\/media?parent=39371"}],"wp:term":[{"taxonomy":"category","embeddable":true,"href":"https:\/\/www.pedroandretta.info\/index\/wp-json\/wp\/v2\/categories?post=39371"},{"taxonomy":"post_tag","embeddable":true,"href":"https:\/\/www.pedroandretta.info\/index\/wp-json\/wp\/v2\/tags?post=39371"}],"curies":[{"name":"wp","href":"https:\/\/api.w.org\/{rel}","templated":true}]}}