{"id":39376,"date":"2026-07-21T09:05:31","date_gmt":"2026-07-21T13:05:31","guid":{"rendered":"https:\/\/www.pedroandretta.info\/index\/?p=39376"},"modified":"2026-07-21T09:05:34","modified_gmt":"2026-07-21T13:05:34","slug":"cartografia-da-producao-cientifica-brasileira-em-torno-dos-arquivos-comunitarios-officina","status":"publish","type":"post","link":"https:\/\/www.pedroandretta.info\/index\/2026\/07\/cartografia-da-producao-cientifica-brasileira-em-torno-dos-arquivos-comunitarios-officina\/","title":{"rendered":"Cartografia da produ\u00e7\u00e3o cient\u00edfica brasileira em torno dos arquivos comunit\u00e1rios \/ Officina"},"content":{"rendered":"\n<p><strong>Cartografia da produ\u00e7\u00e3o cient\u00edfica brasileira em torno dos arquivos comunit\u00e1rios \/ Officina<\/strong><\/p>\n\n\n\n<p>Os resultados evidenciam que o tema constitui um campo emergente, com crescimento das pesquisas a partir de 2022, o que revela o fortalecimento de abordagens voltadas \u00e0 mem\u00f3ria social, \u00e0 justi\u00e7a epist\u00eamica, \u00e0 decolonialidade e \u00e0 participa\u00e7\u00e3o comunit\u00e1ria. Observou-se, ainda, o surgimento de debates relacionados \u00e0s tecnologias digitais, \u00e0 curadoria algor\u00edtmica e \u00e0 preserva\u00e7\u00e3o digital, al\u00e9m da constitui\u00e7\u00e3o de redes colaborativas de pesquisadores nos campos da Ci\u00eancia da Informa\u00e7\u00e3o e da Arquivologia. Conclui-se que os arquivos comunit\u00e1rios v\u00eam assumindo um papel importante nos debates arquiv\u00edsticos contempor\u00e2neos, contribuindo para a constru\u00e7\u00e3o de uma Arquivologia mais plural, cr\u00edtica, participativa e comprometida com a democratiza\u00e7\u00e3o da mem\u00f3ria e da informa\u00e7\u00e3o.<\/p>\n\n\n\n<p>#ArquivosComunit\u00e1rios<\/p>\n\n\n\n<p>Dispon\u00edvel em: <a href=\"https:\/\/revista.arqsp.org.br\/index.php\/revista-da-associacao-de-arquivi\/article\/view\/189\">https:\/\/revista.arqsp.org.br\/index.php\/revista-da-associacao-de-arquivi\/article\/view\/189<\/a><\/p>\n\n\n\n<figure class=\"wp-block-image size-large\"><img data-recalc-dims=\"1\" decoding=\"async\" width=\"424\" height=\"600\" src=\"https:\/\/i0.wp.com\/www.pedroandretta.info\/index\/wp-content\/uploads\/2026\/07\/image-82.png?resize=424%2C600&#038;ssl=1\" alt=\"\" class=\"wp-image-39377\" srcset=\"https:\/\/i0.wp.com\/www.pedroandretta.info\/index\/wp-content\/uploads\/2026\/07\/image-82.png?resize=424%2C600&amp;ssl=1 424w, https:\/\/i0.wp.com\/www.pedroandretta.info\/index\/wp-content\/uploads\/2026\/07\/image-82.png?resize=212%2C300&amp;ssl=1 212w, https:\/\/i0.wp.com\/www.pedroandretta.info\/index\/wp-content\/uploads\/2026\/07\/image-82.png?w=517&amp;ssl=1 517w\" sizes=\"(max-width: 424px) 100vw, 424px\" \/><\/figure>\n","protected":false},"excerpt":{"rendered":"<p>Cartografia da produ\u00e7\u00e3o cient\u00edfica brasileira em torno dos arquivos comunit\u00e1rios \/ Officina Os resultados evidenciam que o tema constitui um campo emergente, com crescimento das pesquisas a partir de 2022, o que revela o fortalecimento de abordagens voltadas \u00e0 mem\u00f3ria social, \u00e0 justi\u00e7a epist\u00eamica, \u00e0 decolonialidade e \u00e0 participa\u00e7\u00e3o comunit\u00e1ria. Observou-se, ainda, o surgimento de<\/p><\/div>\n<div class=\"blog-btn\"><a href=\"https:\/\/www.pedroandretta.info\/index\/2026\/07\/cartografia-da-producao-cientifica-brasileira-em-torno-dos-arquivos-comunitarios-officina\/\" class=\"home-blog-btn\">Ler mais<\/a><\/p>\n","protected":false},"author":1,"featured_media":0,"comment_status":"open","ping_status":"open","sticky":false,"template":"","format":"standard","meta":{"_jetpack_newsletter_access":"","_jetpack_dont_email_post_to_subs":false,"_jetpack_newsletter_tier_id":0,"_jetpack_memberships_contains_paywalled_content":false,"_jetpack_feature_clip_id":0,"_jetpack_memberships_contains_paid_content":false,"footnotes":"","jetpack_publicize_message":"","jetpack_publicize_feature_enabled":true,"jetpack_social_post_already_shared":true,"jetpack_social_options":{"image_generator_settings":{"template":"highway","default_image_id":0,"font":"","enabled":false},"version":2},"jetpack_post_was_ever_published":false},"categories":[21],"tags":[3591],"class_list":["post-39376","post","type-post","status-publish","format-standard","hentry","category-informeci","tag-arquivoscomunitarios"],"jetpack_publicize_connections":[],"jetpack_featured_media_url":"","views":"","jetpack_sharing_enabled":true,"_links":{"self":[{"href":"https:\/\/www.pedroandretta.info\/index\/wp-json\/wp\/v2\/posts\/39376","targetHints":{"allow":["GET"]}}],"collection":[{"href":"https:\/\/www.pedroandretta.info\/index\/wp-json\/wp\/v2\/posts"}],"about":[{"href":"https:\/\/www.pedroandretta.info\/index\/wp-json\/wp\/v2\/types\/post"}],"author":[{"embeddable":true,"href":"https:\/\/www.pedroandretta.info\/index\/wp-json\/wp\/v2\/users\/1"}],"replies":[{"embeddable":true,"href":"https:\/\/www.pedroandretta.info\/index\/wp-json\/wp\/v2\/comments?post=39376"}],"version-history":[{"count":1,"href":"https:\/\/www.pedroandretta.info\/index\/wp-json\/wp\/v2\/posts\/39376\/revisions"}],"predecessor-version":[{"id":39378,"href":"https:\/\/www.pedroandretta.info\/index\/wp-json\/wp\/v2\/posts\/39376\/revisions\/39378"}],"wp:attachment":[{"href":"https:\/\/www.pedroandretta.info\/index\/wp-json\/wp\/v2\/media?parent=39376"}],"wp:term":[{"taxonomy":"category","embeddable":true,"href":"https:\/\/www.pedroandretta.info\/index\/wp-json\/wp\/v2\/categories?post=39376"},{"taxonomy":"post_tag","embeddable":true,"href":"https:\/\/www.pedroandretta.info\/index\/wp-json\/wp\/v2\/tags?post=39376"}],"curies":[{"name":"wp","href":"https:\/\/api.w.org\/{rel}","templated":true}]}}