{"id":40102,"date":"2026-09-01T13:33:12","date_gmt":"2026-09-01T17:33:12","guid":{"rendered":"https:\/\/www.pedroandretta.info\/index\/?p=40102"},"modified":"2026-09-01T13:33:14","modified_gmt":"2026-09-01T17:33:14","slug":"os-desafios-da-relacao-entre-ciencia-e-imprensa-o-caso-greg-news-mindflow","status":"publish","type":"post","link":"https:\/\/www.pedroandretta.info\/index\/2026\/09\/os-desafios-da-relacao-entre-ciencia-e-imprensa-o-caso-greg-news-mindflow\/","title":{"rendered":"Os desafios da rela\u00e7\u00e3o entre ci\u00eancia e imprensa: O caso Greg News! \/ Mindflow"},"content":{"rendered":"\n<p><strong>Os desafios da rela\u00e7\u00e3o entre ci\u00eancia e imprensa: O caso Greg News! \/ Mindflow<\/strong><\/p>\n\n\n\n<p>Nem sempre, portanto, aquilo que o cientista considera essencial para comunicar uma pesquisa cabe no tempo, no espa\u00e7o ou no formato exigido pela imprensa. E nem sempre aquilo que \u00e9 necess\u00e1rio para construir uma boa narrativa jornal\u00edstica corresponde \u00e0 forma como o pesquisador est\u00e1 acostumado a apresentar seu trabalho.<\/p>\n\n\n\n<p>\u00c9 justamente nesse encontro \u2014 e, muitas vezes, nesse desencontro \u2014 que podem surgir os ru\u00eddos.<\/p>\n\n\n\n<p>E eu, como comunicadora e cientista, n\u00e3o estou isenta desses receios. Pelo contr\u00e1rio. Vivenciar esses dois lugares torna ainda mais evidente o quanto essa rela\u00e7\u00e3o exige di\u00e1logo, negocia\u00e7\u00e3o e, principalmente, compreens\u00e3o sobre os limites, as responsabilidades e as expectativas de cada campo.<\/p>\n\n\n\n<p>#Divulga\u00e7\u00e3oCient\u00edfica<\/p>\n\n\n\n<p>via Mindflow<\/p>\n\n\n\n<p>Dispon\u00edvel em: <a href=\"https:\/\/www.blogs.unicamp.br\/mindflow\/desafios-da-relacao-entre-ciencia-e-imprensa\/\">https:\/\/www.blogs.unicamp.br\/mindflow\/desafios-da-relacao-entre-ciencia-e-imprensa\/<\/a><\/p>\n\n\n\n<figure class=\"wp-block-image size-large\"><img data-recalc-dims=\"1\" decoding=\"async\" width=\"600\" height=\"341\" src=\"https:\/\/i0.wp.com\/www.pedroandretta.info\/index\/wp-content\/uploads\/2026\/09\/image.png?resize=600%2C341&#038;ssl=1\" alt=\"\" class=\"wp-image-40103\" srcset=\"https:\/\/i0.wp.com\/www.pedroandretta.info\/index\/wp-content\/uploads\/2026\/09\/image.png?resize=600%2C341&amp;ssl=1 600w, https:\/\/i0.wp.com\/www.pedroandretta.info\/index\/wp-content\/uploads\/2026\/09\/image.png?resize=300%2C170&amp;ssl=1 300w, https:\/\/i0.wp.com\/www.pedroandretta.info\/index\/wp-content\/uploads\/2026\/09\/image.png?resize=768%2C436&amp;ssl=1 768w, https:\/\/i0.wp.com\/www.pedroandretta.info\/index\/wp-content\/uploads\/2026\/09\/image.png?w=915&amp;ssl=1 915w\" sizes=\"(max-width: 600px) 100vw, 600px\" \/><\/figure>\n","protected":false},"excerpt":{"rendered":"<p>Os desafios da rela\u00e7\u00e3o entre ci\u00eancia e imprensa: O caso Greg News! \/ Mindflow Nem sempre, portanto, aquilo que o cientista considera essencial para comunicar uma pesquisa cabe no tempo, no espa\u00e7o ou no formato exigido pela imprensa. E nem sempre aquilo que \u00e9 necess\u00e1rio para construir uma boa narrativa jornal\u00edstica corresponde \u00e0 forma como<\/p><\/div>\n<div class=\"blog-btn\"><a href=\"https:\/\/www.pedroandretta.info\/index\/2026\/09\/os-desafios-da-relacao-entre-ciencia-e-imprensa-o-caso-greg-news-mindflow\/\" class=\"home-blog-btn\">Ler mais<\/a><\/p>\n","protected":false},"author":1,"featured_media":0,"comment_status":"open","ping_status":"open","sticky":false,"template":"","format":"standard","meta":{"_jetpack_newsletter_access":"","_jetpack_dont_email_post_to_subs":false,"_jetpack_newsletter_tier_id":0,"_jetpack_memberships_contains_paywalled_content":false,"_jetpack_feature_clip_id":0,"_jetpack_memberships_contains_paid_content":false,"footnotes":"","jetpack_publicize_message":"","jetpack_publicize_feature_enabled":true,"jetpack_social_post_already_shared":true,"jetpack_social_options":{"image_generator_settings":{"template":"highway","default_image_id":0,"font":"","enabled":false},"version":2},"jetpack_post_was_ever_published":false},"categories":[21],"tags":[542],"class_list":["post-40102","post","type-post","status-publish","format-standard","hentry","category-informeci","tag-divulgacaocientifica"],"jetpack_publicize_connections":[],"jetpack_featured_media_url":"","views":"","jetpack_sharing_enabled":true,"_links":{"self":[{"href":"https:\/\/www.pedroandretta.info\/index\/wp-json\/wp\/v2\/posts\/40102","targetHints":{"allow":["GET"]}}],"collection":[{"href":"https:\/\/www.pedroandretta.info\/index\/wp-json\/wp\/v2\/posts"}],"about":[{"href":"https:\/\/www.pedroandretta.info\/index\/wp-json\/wp\/v2\/types\/post"}],"author":[{"embeddable":true,"href":"https:\/\/www.pedroandretta.info\/index\/wp-json\/wp\/v2\/users\/1"}],"replies":[{"embeddable":true,"href":"https:\/\/www.pedroandretta.info\/index\/wp-json\/wp\/v2\/comments?post=40102"}],"version-history":[{"count":1,"href":"https:\/\/www.pedroandretta.info\/index\/wp-json\/wp\/v2\/posts\/40102\/revisions"}],"predecessor-version":[{"id":40104,"href":"https:\/\/www.pedroandretta.info\/index\/wp-json\/wp\/v2\/posts\/40102\/revisions\/40104"}],"wp:attachment":[{"href":"https:\/\/www.pedroandretta.info\/index\/wp-json\/wp\/v2\/media?parent=40102"}],"wp:term":[{"taxonomy":"category","embeddable":true,"href":"https:\/\/www.pedroandretta.info\/index\/wp-json\/wp\/v2\/categories?post=40102"},{"taxonomy":"post_tag","embeddable":true,"href":"https:\/\/www.pedroandretta.info\/index\/wp-json\/wp\/v2\/tags?post=40102"}],"curies":[{"name":"wp","href":"https:\/\/api.w.org\/{rel}","templated":true}]}}