{"id":40108,"date":"2026-09-01T13:39:33","date_gmt":"2026-09-01T17:39:33","guid":{"rendered":"https:\/\/www.pedroandretta.info\/index\/?p=40108"},"modified":"2026-09-01T13:39:35","modified_gmt":"2026-09-01T17:39:35","slug":"mais-do-que-numeros-transformando-reflexao-em-acao-com-dados-da-biblioteca-alcs","status":"publish","type":"post","link":"https:\/\/www.pedroandretta.info\/index\/2026\/09\/mais-do-que-numeros-transformando-reflexao-em-acao-com-dados-da-biblioteca-alcs\/","title":{"rendered":"Mais do que n\u00fameros: transformando reflex\u00e3o em a\u00e7\u00e3o com dados da biblioteca \/ ALCS"},"content":{"rendered":"\n<p><strong>Mais do que n\u00fameros: transformando reflex\u00e3o em a\u00e7\u00e3o com dados da biblioteca \/ ALCS<\/strong><\/p>\n\n\n\n<p>Quando dedicamos tempo para refletir sobre os dados, eles podem nos guiar para a\u00e7\u00f5es significativas. Bons dados nos ajudam a fazer perguntas melhores, a compreender nossas comunidades mais profundamente e a tomar decis\u00f5es mais informadas sobre nossos servi\u00e7os. REFLEX\u00c3O: Se a frequ\u00eancia a um programa de longa data diminui, simplesmente notamos a queda ou investigamos o que os n\u00fameros nos dizem? Talvez o conte\u00fado do programa precise ser atualizado. Analisar os dados sob a perspectiva da equidade tamb\u00e9m significa perguntar quem est\u00e1 participando, quem est\u00e1 ausente e quais barreiras podem existir. A\u00c7\u00c3O: Se os dados de divulga\u00e7\u00e3o mostrarem que poucas fam\u00edlias de um determinado bairro participam, a solu\u00e7\u00e3o pode n\u00e3o ser mais marketing. Talvez seja hora de considerar levar os programas para escolas, centros comunit\u00e1rios, parques ou outros locais onde as fam\u00edlias j\u00e1 se re\u00fanem.<\/p>\n\n\n\n<p>#Gest\u00e3oDeBibliotecas<\/p>\n\n\n\n<p>via ALCS<\/p>\n\n\n\n<p>Dispon\u00edvel em: <a href=\"https:\/\/www.alsc.ala.org\/blog\/2026\/07\/more-than-numbers-turning-reflection-into-action-with-library-data\/\">https:\/\/www.alsc.ala.org\/blog\/2026\/07\/more-than-numbers-turning-reflection-into-action-with-library-data\/<\/a><\/p>\n\n\n\n<figure class=\"wp-block-image size-large\"><img data-recalc-dims=\"1\" decoding=\"async\" width=\"563\" height=\"600\" src=\"https:\/\/i0.wp.com\/www.pedroandretta.info\/index\/wp-content\/uploads\/2026\/09\/image-2.png?resize=563%2C600&#038;ssl=1\" alt=\"\" class=\"wp-image-40109\" srcset=\"https:\/\/i0.wp.com\/www.pedroandretta.info\/index\/wp-content\/uploads\/2026\/09\/image-2.png?resize=563%2C600&amp;ssl=1 563w, https:\/\/i0.wp.com\/www.pedroandretta.info\/index\/wp-content\/uploads\/2026\/09\/image-2.png?resize=282%2C300&amp;ssl=1 282w, https:\/\/i0.wp.com\/www.pedroandretta.info\/index\/wp-content\/uploads\/2026\/09\/image-2.png?resize=768%2C818&amp;ssl=1 768w, https:\/\/i0.wp.com\/www.pedroandretta.info\/index\/wp-content\/uploads\/2026\/09\/image-2.png?w=1280&amp;ssl=1 1280w\" sizes=\"(max-width: 563px) 100vw, 563px\" \/><\/figure>\n","protected":false},"excerpt":{"rendered":"<p>Mais do que n\u00fameros: transformando reflex\u00e3o em a\u00e7\u00e3o com dados da biblioteca \/ ALCS Quando dedicamos tempo para refletir sobre os dados, eles podem nos guiar para a\u00e7\u00f5es significativas. Bons dados nos ajudam a fazer perguntas melhores, a compreender nossas comunidades mais profundamente e a tomar decis\u00f5es mais informadas sobre nossos servi\u00e7os. REFLEX\u00c3O: Se a<\/p><\/div>\n<div class=\"blog-btn\"><a href=\"https:\/\/www.pedroandretta.info\/index\/2026\/09\/mais-do-que-numeros-transformando-reflexao-em-acao-com-dados-da-biblioteca-alcs\/\" class=\"home-blog-btn\">Ler mais<\/a><\/p>\n","protected":false},"author":1,"featured_media":0,"comment_status":"open","ping_status":"open","sticky":false,"template":"","format":"standard","meta":{"_jetpack_newsletter_access":"","_jetpack_dont_email_post_to_subs":false,"_jetpack_newsletter_tier_id":0,"_jetpack_memberships_contains_paywalled_content":false,"_jetpack_feature_clip_id":0,"_jetpack_memberships_contains_paid_content":false,"footnotes":"","jetpack_publicize_message":"","jetpack_publicize_feature_enabled":true,"jetpack_social_post_already_shared":true,"jetpack_social_options":{"image_generator_settings":{"template":"highway","default_image_id":0,"font":"","enabled":false},"version":2},"jetpack_post_was_ever_published":false},"categories":[21],"tags":[1498],"class_list":["post-40108","post","type-post","status-publish","format-standard","hentry","category-informeci","tag-gestaodebibliotecas"],"jetpack_publicize_connections":[],"jetpack_featured_media_url":"","views":"","jetpack_sharing_enabled":true,"_links":{"self":[{"href":"https:\/\/www.pedroandretta.info\/index\/wp-json\/wp\/v2\/posts\/40108","targetHints":{"allow":["GET"]}}],"collection":[{"href":"https:\/\/www.pedroandretta.info\/index\/wp-json\/wp\/v2\/posts"}],"about":[{"href":"https:\/\/www.pedroandretta.info\/index\/wp-json\/wp\/v2\/types\/post"}],"author":[{"embeddable":true,"href":"https:\/\/www.pedroandretta.info\/index\/wp-json\/wp\/v2\/users\/1"}],"replies":[{"embeddable":true,"href":"https:\/\/www.pedroandretta.info\/index\/wp-json\/wp\/v2\/comments?post=40108"}],"version-history":[{"count":1,"href":"https:\/\/www.pedroandretta.info\/index\/wp-json\/wp\/v2\/posts\/40108\/revisions"}],"predecessor-version":[{"id":40110,"href":"https:\/\/www.pedroandretta.info\/index\/wp-json\/wp\/v2\/posts\/40108\/revisions\/40110"}],"wp:attachment":[{"href":"https:\/\/www.pedroandretta.info\/index\/wp-json\/wp\/v2\/media?parent=40108"}],"wp:term":[{"taxonomy":"category","embeddable":true,"href":"https:\/\/www.pedroandretta.info\/index\/wp-json\/wp\/v2\/categories?post=40108"},{"taxonomy":"post_tag","embeddable":true,"href":"https:\/\/www.pedroandretta.info\/index\/wp-json\/wp\/v2\/tags?post=40108"}],"curies":[{"name":"wp","href":"https:\/\/api.w.org\/{rel}","templated":true}]}}