{"id":40120,"date":"2026-09-02T11:51:41","date_gmt":"2026-09-02T15:51:41","guid":{"rendered":"https:\/\/www.pedroandretta.info\/index\/?p=40120"},"modified":"2026-09-02T11:51:44","modified_gmt":"2026-09-02T15:51:44","slug":"questao-racial-e-de-genero-cresce-entre-livros-de-escolas-publicas-classicos-predominam-nas-particulares-folha-de-s-paulo","status":"publish","type":"post","link":"https:\/\/www.pedroandretta.info\/index\/2026\/09\/questao-racial-e-de-genero-cresce-entre-livros-de-escolas-publicas-classicos-predominam-nas-particulares-folha-de-s-paulo\/","title":{"rendered":"Quest\u00e3o racial e de g\u00eanero cresce entre livros de escolas p\u00fablicas; cl\u00e1ssicos predominam nas particulares \/ Folha de S. Paulo"},"content":{"rendered":"\n<p><strong>Quest\u00e3o racial e de g\u00eanero cresce entre livros de escolas p\u00fablicas; cl\u00e1ssicos predominam nas particulares \/ Folha de S. Paulo<\/strong><\/p>\n\n\n\n<p>Literatura afro-brasileira e narrativas que abordam feminismo, quest\u00f5es \u00e9tnico-raciais e de direitos humanos ganharam um pouco mais de espa\u00e7o nas listas de livros liter\u00e1rios adotados por escolas p\u00fablicas nos anos finais do ensino fundamental.<\/p>\n\n\n\n<p>\u00c9 o que mostra um levantamento do FNDE (Fundo Nacional de Desenvolvimento da Educa\u00e7\u00e3o), a pedido da Folha, sobre as obras liter\u00e1rias mais solicitadas por institui\u00e7\u00f5es de ensino para compra por meio do PNLD (Programa Nacional do Livro e do Material Did\u00e1tico), pol\u00edtica do Minist\u00e9rio da Educa\u00e7\u00e3o que abastece as redes de ensino p\u00fablicas.<\/p>\n\n\n\n<p>#BibliotecasEscolares #Quest\u00f5es\u00c9tnicoRaciais #G\u00eanero<\/p>\n\n\n\n<p>via Folha de S. Paulo<\/p>\n\n\n\n<p>Dispon\u00edvel em: <a href=\"https:\/\/www1.folha.uol.com.br\/educacao\/2026\/09\/questao-racial-e-de-genero-cresce-entre-livros-de-escolas-publicas-classicos-predominam-nas-particulares.shtml\">https:\/\/www1.folha.uol.com.br\/educacao\/2026\/09\/questao-racial-e-de-genero-cresce-entre-livros-de-escolas-publicas-classicos-predominam-nas-particulares.shtml<\/a><\/p>\n\n\n\n<figure class=\"wp-block-image size-large\"><img data-recalc-dims=\"1\" decoding=\"async\" width=\"538\" height=\"600\" src=\"https:\/\/i0.wp.com\/www.pedroandretta.info\/index\/wp-content\/uploads\/2026\/09\/image-6.png?resize=538%2C600&#038;ssl=1\" alt=\"\" class=\"wp-image-40121\" srcset=\"https:\/\/i0.wp.com\/www.pedroandretta.info\/index\/wp-content\/uploads\/2026\/09\/image-6.png?resize=538%2C600&amp;ssl=1 538w, https:\/\/i0.wp.com\/www.pedroandretta.info\/index\/wp-content\/uploads\/2026\/09\/image-6.png?resize=269%2C300&amp;ssl=1 269w, https:\/\/i0.wp.com\/www.pedroandretta.info\/index\/wp-content\/uploads\/2026\/09\/image-6.png?w=601&amp;ssl=1 601w\" sizes=\"(max-width: 538px) 100vw, 538px\" \/><\/figure>\n","protected":false},"excerpt":{"rendered":"<p>Quest\u00e3o racial e de g\u00eanero cresce entre livros de escolas p\u00fablicas; cl\u00e1ssicos predominam nas particulares \/ Folha de S. Paulo Literatura afro-brasileira e narrativas que abordam feminismo, quest\u00f5es \u00e9tnico-raciais e de direitos humanos ganharam um pouco mais de espa\u00e7o nas listas de livros liter\u00e1rios adotados por escolas p\u00fablicas nos anos finais do ensino fundamental. \u00c9<\/p><\/div>\n<div class=\"blog-btn\"><a href=\"https:\/\/www.pedroandretta.info\/index\/2026\/09\/questao-racial-e-de-genero-cresce-entre-livros-de-escolas-publicas-classicos-predominam-nas-particulares-folha-de-s-paulo\/\" class=\"home-blog-btn\">Ler mais<\/a><\/p>\n","protected":false},"author":1,"featured_media":0,"comment_status":"open","ping_status":"open","sticky":false,"template":"","format":"standard","meta":{"_jetpack_newsletter_access":"","_jetpack_dont_email_post_to_subs":false,"_jetpack_newsletter_tier_id":0,"_jetpack_memberships_contains_paywalled_content":false,"_jetpack_feature_clip_id":0,"_jetpack_memberships_contains_paid_content":false,"footnotes":"","jetpack_publicize_message":"","jetpack_publicize_feature_enabled":true,"jetpack_social_post_already_shared":true,"jetpack_social_options":{"image_generator_settings":{"template":"highway","default_image_id":0,"font":"","enabled":false},"version":2},"jetpack_post_was_ever_published":false},"categories":[21],"tags":[79,178,3752],"class_list":["post-40120","post","type-post","status-publish","format-standard","hentry","category-informeci","tag-bibliotecasescolares","tag-genero","tag-questoesetnicoraciais"],"jetpack_publicize_connections":[],"jetpack_featured_media_url":"","views":"","jetpack_sharing_enabled":true,"_links":{"self":[{"href":"https:\/\/www.pedroandretta.info\/index\/wp-json\/wp\/v2\/posts\/40120","targetHints":{"allow":["GET"]}}],"collection":[{"href":"https:\/\/www.pedroandretta.info\/index\/wp-json\/wp\/v2\/posts"}],"about":[{"href":"https:\/\/www.pedroandretta.info\/index\/wp-json\/wp\/v2\/types\/post"}],"author":[{"embeddable":true,"href":"https:\/\/www.pedroandretta.info\/index\/wp-json\/wp\/v2\/users\/1"}],"replies":[{"embeddable":true,"href":"https:\/\/www.pedroandretta.info\/index\/wp-json\/wp\/v2\/comments?post=40120"}],"version-history":[{"count":1,"href":"https:\/\/www.pedroandretta.info\/index\/wp-json\/wp\/v2\/posts\/40120\/revisions"}],"predecessor-version":[{"id":40122,"href":"https:\/\/www.pedroandretta.info\/index\/wp-json\/wp\/v2\/posts\/40120\/revisions\/40122"}],"wp:attachment":[{"href":"https:\/\/www.pedroandretta.info\/index\/wp-json\/wp\/v2\/media?parent=40120"}],"wp:term":[{"taxonomy":"category","embeddable":true,"href":"https:\/\/www.pedroandretta.info\/index\/wp-json\/wp\/v2\/categories?post=40120"},{"taxonomy":"post_tag","embeddable":true,"href":"https:\/\/www.pedroandretta.info\/index\/wp-json\/wp\/v2\/tags?post=40120"}],"curies":[{"name":"wp","href":"https:\/\/api.w.org\/{rel}","templated":true}]}}