{"id":40133,"date":"2026-09-02T12:07:38","date_gmt":"2026-09-02T16:07:38","guid":{"rendered":"https:\/\/www.pedroandretta.info\/index\/?p=40133"},"modified":"2026-09-02T12:07:40","modified_gmt":"2026-09-02T16:07:40","slug":"fora-de-circulacao-a-censura-em-expansao-nas-bibliotecas-publicas-pen","status":"publish","type":"post","link":"https:\/\/www.pedroandretta.info\/index\/2026\/09\/fora-de-circulacao-a-censura-em-expansao-nas-bibliotecas-publicas-pen\/","title":{"rendered":"Fora de Circula\u00e7\u00e3o: A Censura em Expans\u00e3o nas Bibliotecas P\u00fablicas \/ PEN"},"content":{"rendered":"\n<p><strong>Fora de Circula\u00e7\u00e3o: A Censura em Expans\u00e3o nas Bibliotecas P\u00fablicas \/ PEN<\/strong><\/p>\n\n\n\n<p>N\u00e3o se trata apenas de livros: as bibliotecas p\u00fablicas est\u00e3o se tornando, cada vez mais, campos de batalha da censura, o que resulta em interfer\u00eancias na exposi\u00e7\u00e3o de obras, exig\u00eancias de reorganiza\u00e7\u00e3o inadequada de acervos e interrup\u00e7\u00f5es de eventos. <\/p>\n\n\n\n<p>Amea\u00e7as pol\u00edticas v\u00eam desgastando os sistemas de bibliotecas por meio de mudan\u00e7as na governan\u00e7a e cortes de verbas. <\/p>\n\n\n\n<p>O ass\u00e9dio e a intimida\u00e7\u00e3o de bibliotec\u00e1rios s\u00e3o t\u00e1ticas de press\u00e3o comuns, especialmente quando esses profissionais resistem \u00e0 censura.<\/p>\n\n\n\n<p>Como pilares da sociedade civil, as bibliotecas p\u00fablicas s\u00e3o espa\u00e7os de busca volunt\u00e1ria pelo conhecimento e devem servir como portas de acesso irrestritas ao universo do saber.<\/p>\n\n\n\n<p>#Censura #EUA #BibliotecasP\u00fablicas<\/p>\n\n\n\n<p>via Pen<\/p>\n\n\n\n<p>Dispon\u00edvel em: <a href=\"https:\/\/pen.org\/report\/out-of-circulation\/\">https:\/\/pen.org\/report\/out-of-circulation\/<\/a><\/p>\n\n\n\n<figure class=\"wp-block-image size-large\"><img data-recalc-dims=\"1\" decoding=\"async\" width=\"600\" height=\"445\" src=\"https:\/\/i0.wp.com\/www.pedroandretta.info\/index\/wp-content\/uploads\/2026\/09\/image-9.png?resize=600%2C445&#038;ssl=1\" alt=\"\" class=\"wp-image-40134\" srcset=\"https:\/\/i0.wp.com\/www.pedroandretta.info\/index\/wp-content\/uploads\/2026\/09\/image-9.png?resize=600%2C445&amp;ssl=1 600w, https:\/\/i0.wp.com\/www.pedroandretta.info\/index\/wp-content\/uploads\/2026\/09\/image-9.png?resize=300%2C223&amp;ssl=1 300w, https:\/\/i0.wp.com\/www.pedroandretta.info\/index\/wp-content\/uploads\/2026\/09\/image-9.png?resize=768%2C570&amp;ssl=1 768w, https:\/\/i0.wp.com\/www.pedroandretta.info\/index\/wp-content\/uploads\/2026\/09\/image-9.png?resize=1320%2C979&amp;ssl=1 1320w, https:\/\/i0.wp.com\/www.pedroandretta.info\/index\/wp-content\/uploads\/2026\/09\/image-9.png?w=1456&amp;ssl=1 1456w, https:\/\/i0.wp.com\/www.pedroandretta.info\/index\/wp-content\/uploads\/2026\/09\/image-9.png?w=1392&amp;ssl=1 1392w\" sizes=\"(max-width: 600px) 100vw, 600px\" \/><\/figure>\n","protected":false},"excerpt":{"rendered":"<p>Fora de Circula\u00e7\u00e3o: A Censura em Expans\u00e3o nas Bibliotecas P\u00fablicas \/ PEN N\u00e3o se trata apenas de livros: as bibliotecas p\u00fablicas est\u00e3o se tornando, cada vez mais, campos de batalha da censura, o que resulta em interfer\u00eancias na exposi\u00e7\u00e3o de obras, exig\u00eancias de reorganiza\u00e7\u00e3o inadequada de acervos e interrup\u00e7\u00f5es de eventos. Amea\u00e7as pol\u00edticas v\u00eam desgastando<\/p><\/div>\n<div class=\"blog-btn\"><a href=\"https:\/\/www.pedroandretta.info\/index\/2026\/09\/fora-de-circulacao-a-censura-em-expansao-nas-bibliotecas-publicas-pen\/\" class=\"home-blog-btn\">Ler mais<\/a><\/p>\n","protected":false},"author":1,"featured_media":0,"comment_status":"open","ping_status":"open","sticky":false,"template":"","format":"standard","meta":{"_jetpack_newsletter_access":"","_jetpack_dont_email_post_to_subs":false,"_jetpack_newsletter_tier_id":0,"_jetpack_memberships_contains_paywalled_content":false,"_jetpack_feature_clip_id":0,"_jetpack_memberships_contains_paid_content":false,"footnotes":"","jetpack_publicize_message":"","jetpack_publicize_feature_enabled":true,"jetpack_social_post_already_shared":true,"jetpack_social_options":{"image_generator_settings":{"template":"highway","default_image_id":0,"font":"","enabled":false},"version":2},"jetpack_post_was_ever_published":false},"categories":[21],"tags":[39,168,165],"class_list":["post-40133","post","type-post","status-publish","format-standard","hentry","category-informeci","tag-bibliotecaspublicas","tag-censura","tag-eua"],"jetpack_publicize_connections":[],"jetpack_featured_media_url":"","views":"","jetpack_sharing_enabled":true,"_links":{"self":[{"href":"https:\/\/www.pedroandretta.info\/index\/wp-json\/wp\/v2\/posts\/40133","targetHints":{"allow":["GET"]}}],"collection":[{"href":"https:\/\/www.pedroandretta.info\/index\/wp-json\/wp\/v2\/posts"}],"about":[{"href":"https:\/\/www.pedroandretta.info\/index\/wp-json\/wp\/v2\/types\/post"}],"author":[{"embeddable":true,"href":"https:\/\/www.pedroandretta.info\/index\/wp-json\/wp\/v2\/users\/1"}],"replies":[{"embeddable":true,"href":"https:\/\/www.pedroandretta.info\/index\/wp-json\/wp\/v2\/comments?post=40133"}],"version-history":[{"count":1,"href":"https:\/\/www.pedroandretta.info\/index\/wp-json\/wp\/v2\/posts\/40133\/revisions"}],"predecessor-version":[{"id":40135,"href":"https:\/\/www.pedroandretta.info\/index\/wp-json\/wp\/v2\/posts\/40133\/revisions\/40135"}],"wp:attachment":[{"href":"https:\/\/www.pedroandretta.info\/index\/wp-json\/wp\/v2\/media?parent=40133"}],"wp:term":[{"taxonomy":"category","embeddable":true,"href":"https:\/\/www.pedroandretta.info\/index\/wp-json\/wp\/v2\/categories?post=40133"},{"taxonomy":"post_tag","embeddable":true,"href":"https:\/\/www.pedroandretta.info\/index\/wp-json\/wp\/v2\/tags?post=40133"}],"curies":[{"name":"wp","href":"https:\/\/api.w.org\/{rel}","templated":true}]}}