{"id":40139,"date":"2026-09-03T00:56:41","date_gmt":"2026-09-03T04:56:41","guid":{"rendered":"https:\/\/www.pedroandretta.info\/index\/?p=40139"},"modified":"2026-09-03T00:56:44","modified_gmt":"2026-09-03T04:56:44","slug":"racismo-ambiental-e-denunciado-na-obra-dos-racionais-mcs-jornal-da-usp","status":"publish","type":"post","link":"https:\/\/www.pedroandretta.info\/index\/2026\/09\/racismo-ambiental-e-denunciado-na-obra-dos-racionais-mcs-jornal-da-usp\/","title":{"rendered":"Racismo ambiental \u00e9 denunciado na obra dos Racionais MC\u2019s \/ Jornal da USP"},"content":{"rendered":"\n<p><strong>Racismo ambiental \u00e9 denunciado na obra dos Racionais MC\u2019s \/ Jornal da USP<\/strong><\/p>\n\n\n\n<p>De acordo com a autora, a obra \u00e9 baseada no disco Sobrevivendo no Inferno, dos Racionais MC\u2019s, de 1997. Julia lembra que o \u00e1lbum foi produzido durante um per\u00edodo de mudan\u00e7as sociopol\u00edticas no Brasil, com a transi\u00e7\u00e3o do Pa\u00eds para pol\u00edticas neoliberais ap\u00f3s d\u00e9cadas de ditadura militar.<\/p>\n\n\n\n<p>\u201cEsta \u00e9 uma hist\u00f3ria que relaciona a cultura e pedagogia Hip-H\u043ep, educomunica\u00e7\u00e3o e justi\u00e7a socioambiental a partir de um territ\u00f3rio espec\u00edfico: a Zona Sul de S\u00e3o Paulo\u201d, conta a pesquisadora, que nasceu no Cap\u00e3o Redondo, em 1999. \u201cNaquele per\u00edodo, a regi\u00e3o formada por Cap\u00e3o Redondo, Jardim \u00c2ngela e Jardim S\u00e3o Lu\u00eds era conhecida como Tri\u00e2ngulo da Morte\u201d, lembra. \u201cNos anos 1990, o Jardim \u00c2ngela chegou a ser apontado pela Organiza\u00e7\u00e3o das Na\u00e7\u00f5es Unidas (ONU) como uma das regi\u00f5es urbanas mais violentas do mundo\u201d, cita a autora e pesquisadora. \u201cPois \u00e9! D\u00e9cadas depois, muitas coisas mudaram, mas outras nem tanto\u201d, analisa.<\/p>\n\n\n\n<p>#RacismoAmbiental<\/p>\n\n\n\n<p>via Jornal da USP<\/p>\n\n\n\n<p>Dispon\u00edvel em: <a href=\"https:\/\/jornal.usp.br\/diversidade\/racismo-ambiental-e-denunciado-na-obra-dos-racionais-mcs\/\">https:\/\/jornal.usp.br\/diversidade\/racismo-ambiental-e-denunciado-na-obra-dos-racionais-mcs\/<\/a><\/p>\n\n\n\n<figure class=\"wp-block-image size-large\"><img data-recalc-dims=\"1\" decoding=\"async\" width=\"600\" height=\"315\" src=\"https:\/\/i0.wp.com\/www.pedroandretta.info\/index\/wp-content\/uploads\/2026\/09\/image-10.png?resize=600%2C315&#038;ssl=1\" alt=\"\" class=\"wp-image-40140\" srcset=\"https:\/\/i0.wp.com\/www.pedroandretta.info\/index\/wp-content\/uploads\/2026\/09\/image-10.png?resize=600%2C315&amp;ssl=1 600w, https:\/\/i0.wp.com\/www.pedroandretta.info\/index\/wp-content\/uploads\/2026\/09\/image-10.png?resize=300%2C158&amp;ssl=1 300w, https:\/\/i0.wp.com\/www.pedroandretta.info\/index\/wp-content\/uploads\/2026\/09\/image-10.png?resize=768%2C403&amp;ssl=1 768w, https:\/\/i0.wp.com\/www.pedroandretta.info\/index\/wp-content\/uploads\/2026\/09\/image-10.png?w=1200&amp;ssl=1 1200w\" sizes=\"(max-width: 600px) 100vw, 600px\" \/><\/figure>\n","protected":false},"excerpt":{"rendered":"<p>Racismo ambiental \u00e9 denunciado na obra dos Racionais MC\u2019s \/ Jornal da USP De acordo com a autora, a obra \u00e9 baseada no disco Sobrevivendo no Inferno, dos Racionais MC\u2019s, de 1997. Julia lembra que o \u00e1lbum foi produzido durante um per\u00edodo de mudan\u00e7as sociopol\u00edticas no Brasil, com a transi\u00e7\u00e3o do Pa\u00eds para pol\u00edticas neoliberais<\/p><\/div>\n<div class=\"blog-btn\"><a href=\"https:\/\/www.pedroandretta.info\/index\/2026\/09\/racismo-ambiental-e-denunciado-na-obra-dos-racionais-mcs-jornal-da-usp\/\" class=\"home-blog-btn\">Ler mais<\/a><\/p>\n","protected":false},"author":1,"featured_media":0,"comment_status":"open","ping_status":"open","sticky":false,"template":"","format":"standard","meta":{"_jetpack_newsletter_access":"","_jetpack_dont_email_post_to_subs":false,"_jetpack_newsletter_tier_id":0,"_jetpack_memberships_contains_paywalled_content":false,"_jetpack_feature_clip_id":0,"_jetpack_memberships_contains_paid_content":false,"footnotes":"","jetpack_publicize_message":"","jetpack_publicize_feature_enabled":true,"jetpack_social_post_already_shared":true,"jetpack_social_options":{"image_generator_settings":{"template":"highway","default_image_id":0,"font":"","enabled":false},"version":2},"jetpack_post_was_ever_published":false},"categories":[21],"tags":[3969],"class_list":["post-40139","post","type-post","status-publish","format-standard","hentry","category-informeci","tag-racismoambiental"],"jetpack_publicize_connections":[],"jetpack_featured_media_url":"","views":"","jetpack_sharing_enabled":true,"_links":{"self":[{"href":"https:\/\/www.pedroandretta.info\/index\/wp-json\/wp\/v2\/posts\/40139","targetHints":{"allow":["GET"]}}],"collection":[{"href":"https:\/\/www.pedroandretta.info\/index\/wp-json\/wp\/v2\/posts"}],"about":[{"href":"https:\/\/www.pedroandretta.info\/index\/wp-json\/wp\/v2\/types\/post"}],"author":[{"embeddable":true,"href":"https:\/\/www.pedroandretta.info\/index\/wp-json\/wp\/v2\/users\/1"}],"replies":[{"embeddable":true,"href":"https:\/\/www.pedroandretta.info\/index\/wp-json\/wp\/v2\/comments?post=40139"}],"version-history":[{"count":1,"href":"https:\/\/www.pedroandretta.info\/index\/wp-json\/wp\/v2\/posts\/40139\/revisions"}],"predecessor-version":[{"id":40141,"href":"https:\/\/www.pedroandretta.info\/index\/wp-json\/wp\/v2\/posts\/40139\/revisions\/40141"}],"wp:attachment":[{"href":"https:\/\/www.pedroandretta.info\/index\/wp-json\/wp\/v2\/media?parent=40139"}],"wp:term":[{"taxonomy":"category","embeddable":true,"href":"https:\/\/www.pedroandretta.info\/index\/wp-json\/wp\/v2\/categories?post=40139"},{"taxonomy":"post_tag","embeddable":true,"href":"https:\/\/www.pedroandretta.info\/index\/wp-json\/wp\/v2\/tags?post=40139"}],"curies":[{"name":"wp","href":"https:\/\/api.w.org\/{rel}","templated":true}]}}