{"id":40142,"date":"2026-09-03T00:58:35","date_gmt":"2026-09-03T04:58:35","guid":{"rendered":"https:\/\/www.pedroandretta.info\/index\/?p=40142"},"modified":"2026-09-03T00:58:37","modified_gmt":"2026-09-03T04:58:37","slug":"distribuicao-de-livros-didaticos-em-escolas-ainda-preocupa-associacao-do-setor-folha-de-s-paulo","status":"publish","type":"post","link":"https:\/\/www.pedroandretta.info\/index\/2026\/09\/distribuicao-de-livros-didaticos-em-escolas-ainda-preocupa-associacao-do-setor-folha-de-s-paulo\/","title":{"rendered":"Distribui\u00e7\u00e3o de livros did\u00e1ticos em escolas ainda preocupa associa\u00e7\u00e3o do setor \/ Folha de S. Paulo"},"content":{"rendered":"\n<p><strong>Distribui\u00e7\u00e3o de livros did\u00e1ticos em escolas ainda preocupa associa\u00e7\u00e3o do setor \/ Folha de S. Paulo<\/strong><\/p>\n\n\n\n<p>A Abrelivros, associa\u00e7\u00e3o que representa os editores de livros did\u00e1ticos e produtos educacionais, divulga seu anu\u00e1rio de balan\u00e7o na sexta (4), dia de abertura da Bienal do Livro de S\u00e3o Paulo.<\/p>\n\n\n\n<p>Como diz o t\u00edtulo do artigo assinado pelo presidente da entidade, \u00c2ngelo Xavier, o ano foi de &#8220;copo meio cheio e meio vazio&#8221; para o Programa Nacional do Livro e do Material Did\u00e1tico do Minist\u00e9rio da Educa\u00e7\u00e3o.<\/p>\n\n\n\n<p>Se o documento celebra n\u00fameros como os 127 milh\u00f5es de livros did\u00e1ticos distribu\u00eddos em 2025, Xavier tamb\u00e9m aponta que &#8220;os dois \u00faltimos anos t\u00eam sido extremamente dif\u00edceis&#8221; para o PNLD.<\/p>\n\n\n\n<p>via Folha de S. Paulo<\/p>\n\n\n\n<p>#LivrosDid\u00e1ticos<\/p>\n\n\n\n<p>Dispon\u00edvel em: <a href=\"https:\/\/www1.folha.uol.com.br\/colunas\/walter-porto\/2026\/09\/distribuicao-de-livros-didaticos-em-escolas-ainda-preocupa-associacao-do-setor.shtml\">https:\/\/www1.folha.uol.com.br\/colunas\/walter-porto\/2026\/09\/distribuicao-de-livros-didaticos-em-escolas-ainda-preocupa-associacao-do-setor.shtml<\/a><\/p>\n","protected":false},"excerpt":{"rendered":"<p>Distribui\u00e7\u00e3o de livros did\u00e1ticos em escolas ainda preocupa associa\u00e7\u00e3o do setor \/ Folha de S. Paulo A Abrelivros, associa\u00e7\u00e3o que representa os editores de livros did\u00e1ticos e produtos educacionais, divulga seu anu\u00e1rio de balan\u00e7o na sexta (4), dia de abertura da Bienal do Livro de S\u00e3o Paulo. Como diz o t\u00edtulo do artigo assinado pelo<\/p><\/div>\n<div class=\"blog-btn\"><a href=\"https:\/\/www.pedroandretta.info\/index\/2026\/09\/distribuicao-de-livros-didaticos-em-escolas-ainda-preocupa-associacao-do-setor-folha-de-s-paulo\/\" class=\"home-blog-btn\">Ler mais<\/a><\/p>\n","protected":false},"author":1,"featured_media":0,"comment_status":"open","ping_status":"open","sticky":false,"template":"","format":"standard","meta":{"_jetpack_newsletter_access":"","_jetpack_dont_email_post_to_subs":false,"_jetpack_newsletter_tier_id":0,"_jetpack_memberships_contains_paywalled_content":false,"_jetpack_feature_clip_id":0,"_jetpack_memberships_contains_paid_content":false,"footnotes":"","jetpack_publicize_message":"","jetpack_publicize_feature_enabled":true,"jetpack_social_post_already_shared":true,"jetpack_social_options":{"image_generator_settings":{"template":"highway","default_image_id":0,"font":"","enabled":false},"version":2},"jetpack_post_was_ever_published":false},"categories":[21],"tags":[420],"class_list":["post-40142","post","type-post","status-publish","format-standard","hentry","category-informeci","tag-livrosdidaticos"],"jetpack_publicize_connections":[],"jetpack_featured_media_url":"","views":"","jetpack_sharing_enabled":true,"_links":{"self":[{"href":"https:\/\/www.pedroandretta.info\/index\/wp-json\/wp\/v2\/posts\/40142","targetHints":{"allow":["GET"]}}],"collection":[{"href":"https:\/\/www.pedroandretta.info\/index\/wp-json\/wp\/v2\/posts"}],"about":[{"href":"https:\/\/www.pedroandretta.info\/index\/wp-json\/wp\/v2\/types\/post"}],"author":[{"embeddable":true,"href":"https:\/\/www.pedroandretta.info\/index\/wp-json\/wp\/v2\/users\/1"}],"replies":[{"embeddable":true,"href":"https:\/\/www.pedroandretta.info\/index\/wp-json\/wp\/v2\/comments?post=40142"}],"version-history":[{"count":1,"href":"https:\/\/www.pedroandretta.info\/index\/wp-json\/wp\/v2\/posts\/40142\/revisions"}],"predecessor-version":[{"id":40143,"href":"https:\/\/www.pedroandretta.info\/index\/wp-json\/wp\/v2\/posts\/40142\/revisions\/40143"}],"wp:attachment":[{"href":"https:\/\/www.pedroandretta.info\/index\/wp-json\/wp\/v2\/media?parent=40142"}],"wp:term":[{"taxonomy":"category","embeddable":true,"href":"https:\/\/www.pedroandretta.info\/index\/wp-json\/wp\/v2\/categories?post=40142"},{"taxonomy":"post_tag","embeddable":true,"href":"https:\/\/www.pedroandretta.info\/index\/wp-json\/wp\/v2\/tags?post=40142"}],"curies":[{"name":"wp","href":"https:\/\/api.w.org\/{rel}","templated":true}]}}