{"id":40150,"date":"2026-09-03T01:07:20","date_gmt":"2026-09-03T05:07:20","guid":{"rendered":"https:\/\/www.pedroandretta.info\/index\/?p=40150"},"modified":"2026-09-03T01:07:23","modified_gmt":"2026-09-03T05:07:23","slug":"o-cerlalc-apresenta-o-espaco-ibero-americano-do-livro-uma-nova-ferramenta-para-compreender-a-producao-editorial-na-america-latina-cerlalc","status":"publish","type":"post","link":"https:\/\/www.pedroandretta.info\/index\/2026\/09\/o-cerlalc-apresenta-o-espaco-ibero-americano-do-livro-uma-nova-ferramenta-para-compreender-a-producao-editorial-na-america-latina-cerlalc\/","title":{"rendered":"O Cerlalc apresenta o &#8220;Espa\u00e7o Ibero-Americano do Livro&#8221;: uma nova ferramenta para compreender a produ\u00e7\u00e3o editorial na Am\u00e9rica Latina \/ Cerlalc"},"content":{"rendered":"\n<p><strong>O Cerlalc apresenta o &#8220;Espa\u00e7o Ibero-Americano do Livro&#8221;: uma nova ferramenta para compreender a produ\u00e7\u00e3o editorial na Am\u00e9rica Latina \/ Cerlalc<\/strong><\/p>\n\n\n\n<p>Na quinta-feira, 3 de setembro, o Centro Regional para o Fomento do Livro na Am\u00e9rica Latina e no Caribe (Cerlalc) apresentar\u00e1 &#8220;O Espa\u00e7o Ibero-Americano do Livro&#8221; (*El espacio iberoamericano del libro*), um painel digital que oferece uma an\u00e1lise visual das bases de dados de ISBN de pa\u00edses latino-americanos. O painel, que ser\u00e1 atualizado anualmente, abrange o per\u00edodo de 2010 a 2025 e fornece uma vis\u00e3o geral descritiva de uma base de dados que conta atualmente com cerca de 3,5 milh\u00f5es de registros. Essa ferramenta, desenvolvida em colabora\u00e7\u00e3o com a Universidade EAFIT, em Medell\u00edn, d\u00e1 continuidade ao trabalho iniciado pelo Cerlalc em 2006 com a publica\u00e7\u00e3o do relat\u00f3rio bienal *O Espa\u00e7o Ibero-Americano do Livro*. Nesta nova fase, as informa\u00e7\u00f5es s\u00e3o apresentadas por meio de um painel interativo que permite aos usu\u00e1rios explorar diversas dimens\u00f5es da produ\u00e7\u00e3o editorial latino-americana.<\/p>\n\n\n\n<p>#MercadoEditorial #Am\u00e9ricaLatina #Livros<\/p>\n\n\n\n<p>via Cerlalc<\/p>\n\n\n\n<p>Dispon\u00edvel em: <a href=\"https:\/\/cerlalc.org\/cerlalc-presenta-el-espacio-iberoamericano-del-libro-una-nueva-herramienta-para-conocer-la-produccion-editorial-en-america-latina\/\">https:\/\/cerlalc.org\/cerlalc-presenta-el-espacio-iberoamericano-del-libro-una-nueva-herramienta-para-conocer-la-produccion-editorial-en-america-latina\/<\/a><\/p>\n\n\n\n<figure class=\"wp-block-image size-large\"><img data-recalc-dims=\"1\" decoding=\"async\" width=\"600\" height=\"331\" src=\"https:\/\/i0.wp.com\/www.pedroandretta.info\/index\/wp-content\/uploads\/2026\/09\/image-13.png?resize=600%2C331&#038;ssl=1\" alt=\"\" class=\"wp-image-40151\" srcset=\"https:\/\/i0.wp.com\/www.pedroandretta.info\/index\/wp-content\/uploads\/2026\/09\/image-13.png?resize=600%2C331&amp;ssl=1 600w, https:\/\/i0.wp.com\/www.pedroandretta.info\/index\/wp-content\/uploads\/2026\/09\/image-13.png?resize=300%2C166&amp;ssl=1 300w, https:\/\/i0.wp.com\/www.pedroandretta.info\/index\/wp-content\/uploads\/2026\/09\/image-13.png?resize=768%2C424&amp;ssl=1 768w, https:\/\/i0.wp.com\/www.pedroandretta.info\/index\/wp-content\/uploads\/2026\/09\/image-13.png?w=1310&amp;ssl=1 1310w\" sizes=\"(max-width: 600px) 100vw, 600px\" \/><\/figure>\n","protected":false},"excerpt":{"rendered":"<p>O Cerlalc apresenta o &#8220;Espa\u00e7o Ibero-Americano do Livro&#8221;: uma nova ferramenta para compreender a produ\u00e7\u00e3o editorial na Am\u00e9rica Latina \/ Cerlalc Na quinta-feira, 3 de setembro, o Centro Regional para o Fomento do Livro na Am\u00e9rica Latina e no Caribe (Cerlalc) apresentar\u00e1 &#8220;O Espa\u00e7o Ibero-Americano do Livro&#8221; (*El espacio iberoamericano del libro*), um painel digital<\/p><\/div>\n<div class=\"blog-btn\"><a href=\"https:\/\/www.pedroandretta.info\/index\/2026\/09\/o-cerlalc-apresenta-o-espaco-ibero-americano-do-livro-uma-nova-ferramenta-para-compreender-a-producao-editorial-na-america-latina-cerlalc\/\" class=\"home-blog-btn\">Ler mais<\/a><\/p>\n","protected":false},"author":1,"featured_media":0,"comment_status":"open","ping_status":"open","sticky":false,"template":"","format":"standard","meta":{"_jetpack_newsletter_access":"","_jetpack_dont_email_post_to_subs":false,"_jetpack_newsletter_tier_id":0,"_jetpack_memberships_contains_paywalled_content":false,"_jetpack_feature_clip_id":0,"_jetpack_memberships_contains_paid_content":false,"footnotes":"","jetpack_publicize_message":"","jetpack_publicize_feature_enabled":true,"jetpack_social_post_already_shared":true,"jetpack_social_options":{"image_generator_settings":{"template":"highway","default_image_id":0,"font":"","enabled":false},"version":2},"jetpack_post_was_ever_published":false},"categories":[21],"tags":[882,63,367],"class_list":["post-40150","post","type-post","status-publish","format-standard","hentry","category-informeci","tag-americalatina","tag-livros","tag-mercadoeditorial"],"jetpack_publicize_connections":[],"jetpack_featured_media_url":"","views":"","jetpack_sharing_enabled":true,"_links":{"self":[{"href":"https:\/\/www.pedroandretta.info\/index\/wp-json\/wp\/v2\/posts\/40150","targetHints":{"allow":["GET"]}}],"collection":[{"href":"https:\/\/www.pedroandretta.info\/index\/wp-json\/wp\/v2\/posts"}],"about":[{"href":"https:\/\/www.pedroandretta.info\/index\/wp-json\/wp\/v2\/types\/post"}],"author":[{"embeddable":true,"href":"https:\/\/www.pedroandretta.info\/index\/wp-json\/wp\/v2\/users\/1"}],"replies":[{"embeddable":true,"href":"https:\/\/www.pedroandretta.info\/index\/wp-json\/wp\/v2\/comments?post=40150"}],"version-history":[{"count":1,"href":"https:\/\/www.pedroandretta.info\/index\/wp-json\/wp\/v2\/posts\/40150\/revisions"}],"predecessor-version":[{"id":40152,"href":"https:\/\/www.pedroandretta.info\/index\/wp-json\/wp\/v2\/posts\/40150\/revisions\/40152"}],"wp:attachment":[{"href":"https:\/\/www.pedroandretta.info\/index\/wp-json\/wp\/v2\/media?parent=40150"}],"wp:term":[{"taxonomy":"category","embeddable":true,"href":"https:\/\/www.pedroandretta.info\/index\/wp-json\/wp\/v2\/categories?post=40150"},{"taxonomy":"post_tag","embeddable":true,"href":"https:\/\/www.pedroandretta.info\/index\/wp-json\/wp\/v2\/tags?post=40150"}],"curies":[{"name":"wp","href":"https:\/\/api.w.org\/{rel}","templated":true}]}}