{"id":40153,"date":"2026-09-03T01:09:10","date_gmt":"2026-09-03T05:09:10","guid":{"rendered":"https:\/\/www.pedroandretta.info\/index\/?p=40153"},"modified":"2026-09-03T01:09:11","modified_gmt":"2026-09-03T05:09:11","slug":"bibliotecas-que-nao-se-calam-monitoramento-e-acoes-de-conscientizacao-da-censura-de-livros-no-brasil-ppgci-udesc","status":"publish","type":"post","link":"https:\/\/www.pedroandretta.info\/index\/2026\/09\/bibliotecas-que-nao-se-calam-monitoramento-e-acoes-de-conscientizacao-da-censura-de-livros-no-brasil-ppgci-udesc\/","title":{"rendered":"&#8220;Bibliotecas que n\u00e3o se calam&#8221;: monitoramento e a\u00e7\u00f5es de conscientiza\u00e7\u00e3o da censura de livros no Brasil \/ PPGCI &#8211; UDESC"},"content":{"rendered":"\n<p><strong>&#8220;Bibliotecas que n\u00e3o se calam&#8221;: monitoramento e a\u00e7\u00f5es de conscientiza\u00e7\u00e3o da censura de livros no Brasil \/ PPGCI &#8211; UDESC<\/strong><\/p>\n\n\n\n<p>A partir dos resultados obtidos foram elaborados dois produtos a serem inclu\u00eddos em se\u00e7\u00f5es espec\u00edficas da campanha \u201cBibliotecas que n\u00e3o se calam\u201d: a \u201cLinha do Tempo da Censura de Livros no Brasil a partir de 1989\u201d, na se\u00e7\u00e3o \u201cLinha do Tempo da Censura\u201d, e o \u201cGuia para Bibliotec\u00e1rios: a\u00e7\u00f5es de conscientiza\u00e7\u00e3o para preven\u00e7\u00e3o e combate \u00e0 censura de livros\u201d, na se\u00e7\u00e3o \u201cGuia para Bibliotec\u00e1rios\u201d. O monitoramento da censura de livros pode contribuir com a sistematiza\u00e7\u00e3o dos casos, ao reuni-los, organiz\u00e1-los e armazen\u00e1-los em um \u00fanico local, possibilitando uma maior visibilidade e um melhor dimensionamento da situa\u00e7\u00e3o no pa\u00eds, al\u00e9m de identificar padr\u00f5es, como as tem\u00e1ticas mais atingidas, os principais agentes censores, as modalidades de censura e as motiva\u00e7\u00f5es para a censura. Pode tamb\u00e9m servir de evid\u00eancia para a cria\u00e7\u00e3o de a\u00e7\u00f5es coletivas de conscientiza\u00e7\u00e3o tanto dos profissionais afetados quanto dos pr\u00f3prios leitores. As a\u00e7\u00f5es de conscientiza\u00e7\u00e3o podem contribuir para a atua\u00e7\u00e3o do bibliotec\u00e1rio ao incentiv\u00e1-lo a refletir sobre seu papel como mediador da informa\u00e7\u00e3o e seu compromisso com o c\u00f3digo de \u00e9tica profissional, al\u00e9m de oferecerem estrat\u00e9gias sobre como podem atuar em situa\u00e7\u00f5es de questionamento e tentativa de censura, a se posicionar de forma assertiva no \u00e2mbito de suas institui\u00e7\u00f5es, a evitar a autocensura por receio de conflitos e repres\u00e1lias e a perceber a import\u00e2ncia da organiza\u00e7\u00e3o coletiva por meio do movimento associativo, para fortalecimento profissional perante a sociedade.<\/p>\n\n\n\n<p>#Censura<\/p>\n\n\n\n<p>Dispon\u00edvel em: <a href=\"https:\/\/repositorio.udesc.br\/entities\/publication\/b41317e1-7345-41c5-bca7-de223c577ff6\">https:\/\/repositorio.udesc.br\/entities\/publication\/b41317e1-7345-41c5-bca7-de223c577ff6<\/a><\/p>\n\n\n\n<figure class=\"wp-block-image size-large\"><img data-recalc-dims=\"1\" decoding=\"async\" width=\"402\" height=\"600\" src=\"https:\/\/i0.wp.com\/www.pedroandretta.info\/index\/wp-content\/uploads\/2026\/09\/image-14.png?resize=402%2C600&#038;ssl=1\" alt=\"\" class=\"wp-image-40154\" srcset=\"https:\/\/i0.wp.com\/www.pedroandretta.info\/index\/wp-content\/uploads\/2026\/09\/image-14.png?resize=402%2C600&amp;ssl=1 402w, https:\/\/i0.wp.com\/www.pedroandretta.info\/index\/wp-content\/uploads\/2026\/09\/image-14.png?resize=201%2C300&amp;ssl=1 201w, https:\/\/i0.wp.com\/www.pedroandretta.info\/index\/wp-content\/uploads\/2026\/09\/image-14.png?w=516&amp;ssl=1 516w\" sizes=\"(max-width: 402px) 100vw, 402px\" \/><\/figure>\n","protected":false},"excerpt":{"rendered":"<p>&#8220;Bibliotecas que n\u00e3o se calam&#8221;: monitoramento e a\u00e7\u00f5es de conscientiza\u00e7\u00e3o da censura de livros no Brasil \/ PPGCI &#8211; UDESC A partir dos resultados obtidos foram elaborados dois produtos a serem inclu\u00eddos em se\u00e7\u00f5es espec\u00edficas da campanha \u201cBibliotecas que n\u00e3o se calam\u201d: a \u201cLinha do Tempo da Censura de Livros no Brasil a partir de<\/p><\/div>\n<div class=\"blog-btn\"><a href=\"https:\/\/www.pedroandretta.info\/index\/2026\/09\/bibliotecas-que-nao-se-calam-monitoramento-e-acoes-de-conscientizacao-da-censura-de-livros-no-brasil-ppgci-udesc\/\" class=\"home-blog-btn\">Ler mais<\/a><\/p>\n","protected":false},"author":1,"featured_media":0,"comment_status":"open","ping_status":"open","sticky":false,"template":"","format":"standard","meta":{"_jetpack_newsletter_access":"","_jetpack_dont_email_post_to_subs":false,"_jetpack_newsletter_tier_id":0,"_jetpack_memberships_contains_paywalled_content":false,"_jetpack_feature_clip_id":0,"_jetpack_memberships_contains_paid_content":false,"footnotes":"","jetpack_publicize_message":"","jetpack_publicize_feature_enabled":true,"jetpack_social_post_already_shared":true,"jetpack_social_options":{"image_generator_settings":{"template":"highway","default_image_id":0,"font":"","enabled":false},"version":2},"jetpack_post_was_ever_published":false},"categories":[21],"tags":[168],"class_list":["post-40153","post","type-post","status-publish","format-standard","hentry","category-informeci","tag-censura"],"jetpack_publicize_connections":[],"jetpack_featured_media_url":"","views":"","jetpack_sharing_enabled":true,"_links":{"self":[{"href":"https:\/\/www.pedroandretta.info\/index\/wp-json\/wp\/v2\/posts\/40153","targetHints":{"allow":["GET"]}}],"collection":[{"href":"https:\/\/www.pedroandretta.info\/index\/wp-json\/wp\/v2\/posts"}],"about":[{"href":"https:\/\/www.pedroandretta.info\/index\/wp-json\/wp\/v2\/types\/post"}],"author":[{"embeddable":true,"href":"https:\/\/www.pedroandretta.info\/index\/wp-json\/wp\/v2\/users\/1"}],"replies":[{"embeddable":true,"href":"https:\/\/www.pedroandretta.info\/index\/wp-json\/wp\/v2\/comments?post=40153"}],"version-history":[{"count":1,"href":"https:\/\/www.pedroandretta.info\/index\/wp-json\/wp\/v2\/posts\/40153\/revisions"}],"predecessor-version":[{"id":40155,"href":"https:\/\/www.pedroandretta.info\/index\/wp-json\/wp\/v2\/posts\/40153\/revisions\/40155"}],"wp:attachment":[{"href":"https:\/\/www.pedroandretta.info\/index\/wp-json\/wp\/v2\/media?parent=40153"}],"wp:term":[{"taxonomy":"category","embeddable":true,"href":"https:\/\/www.pedroandretta.info\/index\/wp-json\/wp\/v2\/categories?post=40153"},{"taxonomy":"post_tag","embeddable":true,"href":"https:\/\/www.pedroandretta.info\/index\/wp-json\/wp\/v2\/tags?post=40153"}],"curies":[{"name":"wp","href":"https:\/\/api.w.org\/{rel}","templated":true}]}}