{"id":40161,"date":"2026-09-04T02:16:08","date_gmt":"2026-09-04T06:16:08","guid":{"rendered":"https:\/\/www.pedroandretta.info\/index\/?p=40161"},"modified":"2026-09-04T02:16:11","modified_gmt":"2026-09-04T06:16:11","slug":"abundancia-nao-justifica-quadro-da-desinformacao-revista-educacao","status":"publish","type":"post","link":"https:\/\/www.pedroandretta.info\/index\/2026\/09\/abundancia-nao-justifica-quadro-da-desinformacao-revista-educacao\/","title":{"rendered":"\u2018Abund\u00e2ncia\u2019 n\u00e3o justifica quadro da desinforma\u00e7\u00e3o \/ Revista Educa\u00e7\u00e3o"},"content":{"rendered":"\n<p><strong>\u2018Abund\u00e2ncia\u2019 n\u00e3o justifica quadro da desinforma\u00e7\u00e3o \/ Revista Educa\u00e7\u00e3o<\/strong><\/p>\n\n\n\n<p>Para as novas gera\u00e7\u00f5es, a enorme quantidade de informa\u00e7\u00e3o dispon\u00edvel j\u00e1 constitui parte natural do ambiente em que vivem. A desinforma\u00e7\u00e3o n\u00e3o atua apenas sobre essa abund\u00e2ncia, mas principalmente sobre a forma como os conte\u00fados s\u00e3o selecionados, organizados, distribu\u00eddos e interpretados. Ela envolve tanto processos intencionais de manipula\u00e7\u00e3o quanto falhas de compreens\u00e3o, aus\u00eancia de contexto, aus\u00eancia de estrutura, desigualdades de acesso ao conhecimento e baixa capacidade cr\u00edtica para avaliar fontes e evid\u00eancias.<\/p>\n\n\n\n<p>A abund\u00e2ncia informacional n\u00e3o explica o momento que vivemos; ela \u00e9 parte do contexto (exerce influ\u00eancia), mas n\u00e3o tem necessariamente rela\u00e7\u00e3o causal. A desinforma\u00e7\u00e3o est\u00e1 diretamente relacionada \u00e0 qualidade e \u00e0 equidade da educa\u00e7\u00e3o b\u00e1sica, \u00e0s desigualdades sociais, \u00e0 confian\u00e7a nas institui\u00e7\u00f5es, ao funcionamento das plataformas digitais e \u00e0s condi\u00e7\u00f5es concretas de participa\u00e7\u00e3o na vida p\u00fablica.<\/p>\n\n\n\n<p>#Elei\u00e7\u00f5es #Desinforma\u00e7\u00e3o #Educa\u00e7\u00e3o<\/p>\n\n\n\n<p>Dispon\u00edvel em: <a href=\"https:\/\/revistaeducacao.com.br\/2026\/09\/03\/abundancia-nao-justifica-quadro-da-desinformacao\/\">https:\/\/revistaeducacao.com.br\/2026\/09\/03\/abundancia-nao-justifica-quadro-da-desinformacao\/<\/a><\/p>\n","protected":false},"excerpt":{"rendered":"<p>\u2018Abund\u00e2ncia\u2019 n\u00e3o justifica quadro da desinforma\u00e7\u00e3o \/ Revista Educa\u00e7\u00e3o Para as novas gera\u00e7\u00f5es, a enorme quantidade de informa\u00e7\u00e3o dispon\u00edvel j\u00e1 constitui parte natural do ambiente em que vivem. A desinforma\u00e7\u00e3o n\u00e3o atua apenas sobre essa abund\u00e2ncia, mas principalmente sobre a forma como os conte\u00fados s\u00e3o selecionados, organizados, distribu\u00eddos e interpretados. Ela envolve tanto processos intencionais<\/p><\/div>\n<div class=\"blog-btn\"><a href=\"https:\/\/www.pedroandretta.info\/index\/2026\/09\/abundancia-nao-justifica-quadro-da-desinformacao-revista-educacao\/\" class=\"home-blog-btn\">Ler mais<\/a><\/p>\n","protected":false},"author":1,"featured_media":0,"comment_status":"open","ping_status":"open","sticky":false,"template":"","format":"standard","meta":{"_jetpack_newsletter_access":"","_jetpack_dont_email_post_to_subs":false,"_jetpack_newsletter_tier_id":0,"_jetpack_memberships_contains_paywalled_content":false,"_jetpack_feature_clip_id":0,"_jetpack_memberships_contains_paid_content":false,"footnotes":"","jetpack_publicize_message":"","jetpack_publicize_feature_enabled":true,"jetpack_social_post_already_shared":true,"jetpack_social_options":{"image_generator_settings":{"template":"highway","default_image_id":0,"font":"","enabled":false},"version":2},"jetpack_post_was_ever_published":false},"categories":[21],"tags":[142,45,143],"class_list":["post-40161","post","type-post","status-publish","format-standard","hentry","category-informeci","tag-desinformacao","tag-educacao","tag-eleicoes"],"jetpack_publicize_connections":[],"jetpack_featured_media_url":"","views":"","jetpack_sharing_enabled":true,"_links":{"self":[{"href":"https:\/\/www.pedroandretta.info\/index\/wp-json\/wp\/v2\/posts\/40161","targetHints":{"allow":["GET"]}}],"collection":[{"href":"https:\/\/www.pedroandretta.info\/index\/wp-json\/wp\/v2\/posts"}],"about":[{"href":"https:\/\/www.pedroandretta.info\/index\/wp-json\/wp\/v2\/types\/post"}],"author":[{"embeddable":true,"href":"https:\/\/www.pedroandretta.info\/index\/wp-json\/wp\/v2\/users\/1"}],"replies":[{"embeddable":true,"href":"https:\/\/www.pedroandretta.info\/index\/wp-json\/wp\/v2\/comments?post=40161"}],"version-history":[{"count":1,"href":"https:\/\/www.pedroandretta.info\/index\/wp-json\/wp\/v2\/posts\/40161\/revisions"}],"predecessor-version":[{"id":40162,"href":"https:\/\/www.pedroandretta.info\/index\/wp-json\/wp\/v2\/posts\/40161\/revisions\/40162"}],"wp:attachment":[{"href":"https:\/\/www.pedroandretta.info\/index\/wp-json\/wp\/v2\/media?parent=40161"}],"wp:term":[{"taxonomy":"category","embeddable":true,"href":"https:\/\/www.pedroandretta.info\/index\/wp-json\/wp\/v2\/categories?post=40161"},{"taxonomy":"post_tag","embeddable":true,"href":"https:\/\/www.pedroandretta.info\/index\/wp-json\/wp\/v2\/tags?post=40161"}],"curies":[{"name":"wp","href":"https:\/\/api.w.org\/{rel}","templated":true}]}}